{"id":319322,"date":"2015-10-04T09:03:34","date_gmt":"2015-10-04T14:03:34","guid":{"rendered":"http:\/\/futboltotal.com.mx\/?p=319322"},"modified":"2015-10-04T09:04:47","modified_gmt":"2015-10-04T14:04:47","slug":"gustavo-matosas-penso-en-renunciar-al-atlas","status":"publish","type":"post","link":"http:\/\/desarrollo.grupomedios.com\/futbol\/futbol-mexicano\/gustavo-matosas-penso-en-renunciar-al-atlas\/2015\/10","title":{"rendered":"Gustavo Matosas pens\u00f3 en renunciar al Atlas"},"content":{"rendered":"<p><strong>Gustavo Matosas<\/strong> cuenta con el respaldo total de la directiva pero a veces eso no es suficiente. Apenas el pasado viernes Heriberto Ram\u00f3n Morales, director deportivo del <strong>Atlas<\/strong>, dio el visto bueno para continuar con el proyecto y asegur\u00f3 que habr\u00edan consecuencias al finalizar el torneo si los jugadores no levantaban el nivel futbol\u00edstico. Lo que no est\u00e1 seguro es que tan comprometido se encuentra el estratega uruguayo, quien ya amag\u00f3 en varias ocasiones con dimitir, aunque antepuso los intereses del equipo antes que los de su persona.<\/p>\n<p>&#8220;S\u00ed me pas\u00f3 por la cabeza (renunciar), porque lo \u00fanico que no quiero es perjudicar a la instituci\u00f3n, al hincha del Atlas, por m\u00e1s que han pasado momentos dif\u00edciles como en otros equipos, es bueno el apoyo de la gente, pero tengo una gran frustraci\u00f3n&#8221;, asegur\u00f3 Matosas.<\/p>\n<p>&#8220;Con la directiva y Heriberto, estamos en el mismo rumbo, pero si ma\u00f1ana es preferible hacer un cambio, es mejor hacer un cambio que siete, lo que sea mejor para Atlas, lo voy a aceptar, pero estoy comprometido con el proyecto, hoy en d\u00eda ser\u00eda un error irme, pero nunca descarto nada&#8221;, indic\u00f3.<\/p>\n<p>Una de las razones por las que m\u00e1s frustrado se siente Matosas es por lo pobre que ha sido el rendimiento en el Estadio Jalisco. \u201cEst\u00e1 golpeado (mi proyecto) porque fue una derrota en casa, pero el proyecto sigue en pie\u201d, a\u00f1adi\u00f3 sobre las cinco derrotas en casa. <\/p>\n","protected":false},"excerpt":{"rendered":"<p>Varias veces ha estado a detalles de una desvinculaci\u00f3n con los Rojinegros <\/p>\n","protected":false},"author":20,"featured_media":319324,"comment_status":"open","ping_status":"open","sticky":false,"template":"","format":"standard","meta":[],"categories":[2198,3845,5950],"tags":[5961,93],"_links":{"self":[{"href":"http:\/\/desarrollo.grupomedios.com\/futbol\/wp-json\/wp\/v2\/posts\/319322"}],"collection":[{"href":"http:\/\/desarrollo.grupomedios.com\/futbol\/wp-json\/wp\/v2\/posts"}],"about":[{"href":"http:\/\/desarrollo.grupomedios.com\/futbol\/wp-json\/wp\/v2\/types\/post"}],"author":[{"embeddable":true,"href":"http:\/\/desarrollo.grupomedios.com\/futbol\/wp-json\/wp\/v2\/users\/20"}],"replies":[{"embeddable":true,"href":"http:\/\/desarrollo.grupomedios.com\/futbol\/wp-json\/wp\/v2\/comments?post=319322"}],"version-history":[{"count":0,"href":"http:\/\/desarrollo.grupomedios.com\/futbol\/wp-json\/wp\/v2\/posts\/319322\/revisions"}],"wp:featuredmedia":[{"embeddable":true,"href":"http:\/\/desarrollo.grupomedios.com\/futbol\/wp-json\/wp\/v2\/media\/319324"}],"wp:attachment":[{"href":"http:\/\/desarrollo.grupomedios.com\/futbol\/wp-json\/wp\/v2\/media?parent=319322"}],"wp:term":[{"taxonomy":"category","embeddable":true,"href":"http:\/\/desarrollo.grupomedios.com\/futbol\/wp-json\/wp\/v2\/categories?post=319322"},{"taxonomy":"post_tag","embeddable":true,"href":"http:\/\/desarrollo.grupomedios.com\/futbol\/wp-json\/wp\/v2\/tags?post=319322"}],"curies":[{"name":"wp","href":"https:\/\/api.w.org\/{rel}","templated":true}]}}