{"id":319347,"date":"2015-10-03T20:32:41","date_gmt":"2015-10-04T01:32:41","guid":{"rendered":"http:\/\/futboltotal.com.mx\/?p=319347"},"modified":"2015-10-04T10:39:57","modified_gmt":"2015-10-04T15:39:57","slug":"rescatamos-el-orden-necesitabamos-ganar-ambriz","status":"publish","type":"post","link":"http:\/\/desarrollo.grupomedios.com\/futbol\/destacado-home\/rescatamos-el-orden-necesitabamos-ganar-ambriz\/2015\/10","title":{"rendered":"&#8220;Rescatamos el orden, necesit\u00e1bamos ganar&#8221;: Ambriz"},"content":{"rendered":"<p>Despu\u00e9s de la victoria del <a href=\"http:\/\/futboltotal.com.mx\/2015\/10\/resultado-liga-mx-america-2-1-chiapas\/\"><strong>Am\u00e9rica<\/strong> ante los Jaguares de Chiapas<\/a>, <strong>Ignacio Ambriz<\/strong>, t\u00e9cnico <em>azulcrema<\/em> se mostr\u00f3 humilde ante la victoria, resaltando la necesidad que hab\u00eda por los tres puntos para seguir protagonizando los primeros sitios del Apertura 2015.<\/p>\n<p>&#8220;Necesit\u00e1bamos ganar. Hab\u00edamos perdido partidos, era importante sacar los tres puntos, que nos acercaran a los cinco de arriba. Creo que rescatamos el orden, jugamos muy lateral, no muy profundos&#8221;, indic\u00f3 Ambriz.<\/p>\n<p>El timonel azulcrema tambi\u00e9n se dio la oportunidad de destacar el funcionamiento de su rival, concretamente hablando del trabajo de Ricardo La Volpe, entrenador de los chiapanecos. \u201cTuvimos un buen rival, con La Volpe es muy bueno t\u00e1cticamente, nos cost\u00f3, pero lo importante fue que se gan\u00f3&#8221;, se\u00f1al\u00f3 el timonel del Am\u00e9rica.<\/p>\n<p>Ante la serie de derrotas que hab\u00eda tenido el cuadro de Coapa en las \u00faltimas fechas, Ambriz sabia que la presi\u00f3n iba en aumento, por lo que lo \u00fanico que puede hacer es realizar su trabajo lo mejor posible.<\/p>\n<p>\u201cDesde que llegu\u00e9, siempre he sabido que no hay paciencia (en el Am\u00e9rica), pero trabajo con humildad, es importante sumar para acercarnos a los primeros lugares\u201d, sentenci\u00f3.<\/p>\n<p>El pr\u00f3ximo encuentro de Am\u00e9rica ser\u00e1 el 16 de octubre, donde viajar\u00e1n hasta Baja California, para enfrentar a los Xolos de Tijuana en la fecha 13.<\/p>\n","protected":false},"excerpt":{"rendered":"<p>El t\u00e9cnico americanista resalt\u00f3 la importancia de estar en primeros sitios<\/p>\n","protected":false},"author":20,"featured_media":319348,"comment_status":"open","ping_status":"open","sticky":false,"template":"","format":"standard","meta":[],"categories":[5,5950],"tags":[5959,511],"_links":{"self":[{"href":"http:\/\/desarrollo.grupomedios.com\/futbol\/wp-json\/wp\/v2\/posts\/319347"}],"collection":[{"href":"http:\/\/desarrollo.grupomedios.com\/futbol\/wp-json\/wp\/v2\/posts"}],"about":[{"href":"http:\/\/desarrollo.grupomedios.com\/futbol\/wp-json\/wp\/v2\/types\/post"}],"author":[{"embeddable":true,"href":"http:\/\/desarrollo.grupomedios.com\/futbol\/wp-json\/wp\/v2\/users\/20"}],"replies":[{"embeddable":true,"href":"http:\/\/desarrollo.grupomedios.com\/futbol\/wp-json\/wp\/v2\/comments?post=319347"}],"version-history":[{"count":0,"href":"http:\/\/desarrollo.grupomedios.com\/futbol\/wp-json\/wp\/v2\/posts\/319347\/revisions"}],"wp:featuredmedia":[{"embeddable":true,"href":"http:\/\/desarrollo.grupomedios.com\/futbol\/wp-json\/wp\/v2\/media\/319348"}],"wp:attachment":[{"href":"http:\/\/desarrollo.grupomedios.com\/futbol\/wp-json\/wp\/v2\/media?parent=319347"}],"wp:term":[{"taxonomy":"category","embeddable":true,"href":"http:\/\/desarrollo.grupomedios.com\/futbol\/wp-json\/wp\/v2\/categories?post=319347"},{"taxonomy":"post_tag","embeddable":true,"href":"http:\/\/desarrollo.grupomedios.com\/futbol\/wp-json\/wp\/v2\/tags?post=319347"}],"curies":[{"name":"wp","href":"https:\/\/api.w.org\/{rel}","templated":true}]}}