{"id":319862,"date":"2015-10-05T08:35:03","date_gmt":"2015-10-05T13:35:03","guid":{"rendered":"http:\/\/futboltotal.com.mx\/?p=319862"},"modified":"2015-10-05T08:38:10","modified_gmt":"2015-10-05T13:38:10","slug":"iker-casillas-le-manda-mensaje-a-keylor-navas","status":"publish","type":"post","link":"http:\/\/desarrollo.grupomedios.com\/futbol\/futbol-internacional\/iker-casillas-le-manda-mensaje-a-keylor-navas\/2015\/10","title":{"rendered":"Iker Casillas le manda mensaje a Keylor Navas"},"content":{"rendered":"<p><strong>Iker Casillas<\/strong> no olvida su pasado como futbolista del <strong>Real Madrid<\/strong>. Los derbis y todos los partidos de inmensa rivalidad a\u00fan ocupan mucho espacio en su coraz\u00f3n pero eso no le impide llenar de elogios a su sucesor, Keylor Navas, quien <a href=\"http:\/\/futboltotal.com.mx\/2015\/10\/keylor-navas-evita-la-derrota-del-real-madrid\/\">se mand\u00f3 tremenda actuaci\u00f3n<\/a> el domingo en el Vicente Calder\u00f3n para evitar la derrota de su equipo.<\/p>\n<p>&#8220;No he o\u00eddo que se diga que ahora el Madrid s\u00ed tiene portero. Tiene portero y jugadores importantes, <strong>ojal\u00e1 a Keylor y a Casilla les vaya fenomenal<\/strong>. Yo no puedo mirar todo el d\u00eda para atr\u00e1s, mi etapa en Madrid es pasado. Ahora son otras personas las que deben ilusionar al madridismo. Ojal\u00e1 Keylor ilusione tanto en el Madrid como lo hice yo&#8221;, aclar\u00f3 Iker Casillas\u00a0en un acto de\u00a0presentaci\u00f3n del spot de <em>Arriaga Asociados<\/em>.<\/p>\n<p>Con lo mencionado, queda claro que no le pierde la pista al Real Madrid, pero advierte que es feliz en esta nueva etapa y las cosas tienen su raz\u00f3n de ser.<\/p>\n<p>&#8220;No me arrepiento de no haberlo hecho antes; las cosas vienen cuando vienen. Me alegro de que le vaya bien el Madrid, me da pena que ayer empatara. Sigo viendo las cosas de reojo. Pero no me arrepiento de nada&#8221;, afirm\u00f3.<\/p>\n<p style=\"text-align: center;\"><span style=\"color: #3366ff;\"><strong><a style=\"color: #3366ff;\" href=\"http:\/\/futboltotal.com.mx\/futbol-internacional\/\">LEER M\u00c1S: Todas las noticias del futbol internacional.<\/a><\/strong><\/span><\/p>\n<p>Y abund\u00f3 en su situaci\u00f3n, reiterando que siempre estar\u00e1 agradecido con el club pero ahora es momento de disfrutar esta etapa de cambios con el Porto.<\/p>\n<p>&#8220;No es f\u00e1cil cambiar el chip, estuve all\u00ed muchos a\u00f1os, tuve muchas vivencias y partidos, pero s\u00f3lo tengo palabras de agradecimiento. Estoy volviendo a disfrutar de lo que es el f\u00fatbol y la competici\u00f3n. No se puede comparar una cosa con otra; el Porto\u00a0es un equipo nuevo y joven. Esta claro que el Madrid tienen una universalidad con may\u00fasculas&#8221;, sentenci\u00f3 Iker Casillas.<\/p>\n","protected":false},"excerpt":{"rendered":"<p>La actuaci\u00f3n del cancerbero tico le vali\u00f3 elogios de todo tipo <\/p>\n","protected":false},"author":20,"featured_media":319864,"comment_status":"open","ping_status":"open","sticky":false,"template":"","format":"standard","meta":[],"categories":[3839,3844,5951],"tags":[6019,5590,5988],"_links":{"self":[{"href":"http:\/\/desarrollo.grupomedios.com\/futbol\/wp-json\/wp\/v2\/posts\/319862"}],"collection":[{"href":"http:\/\/desarrollo.grupomedios.com\/futbol\/wp-json\/wp\/v2\/posts"}],"about":[{"href":"http:\/\/desarrollo.grupomedios.com\/futbol\/wp-json\/wp\/v2\/types\/post"}],"author":[{"embeddable":true,"href":"http:\/\/desarrollo.grupomedios.com\/futbol\/wp-json\/wp\/v2\/users\/20"}],"replies":[{"embeddable":true,"href":"http:\/\/desarrollo.grupomedios.com\/futbol\/wp-json\/wp\/v2\/comments?post=319862"}],"version-history":[{"count":0,"href":"http:\/\/desarrollo.grupomedios.com\/futbol\/wp-json\/wp\/v2\/posts\/319862\/revisions"}],"wp:featuredmedia":[{"embeddable":true,"href":"http:\/\/desarrollo.grupomedios.com\/futbol\/wp-json\/wp\/v2\/media\/319864"}],"wp:attachment":[{"href":"http:\/\/desarrollo.grupomedios.com\/futbol\/wp-json\/wp\/v2\/media?parent=319862"}],"wp:term":[{"taxonomy":"category","embeddable":true,"href":"http:\/\/desarrollo.grupomedios.com\/futbol\/wp-json\/wp\/v2\/categories?post=319862"},{"taxonomy":"post_tag","embeddable":true,"href":"http:\/\/desarrollo.grupomedios.com\/futbol\/wp-json\/wp\/v2\/tags?post=319862"}],"curies":[{"name":"wp","href":"https:\/\/api.w.org\/{rel}","templated":true}]}}