{"id":319920,"date":"2015-10-05T12:52:12","date_gmt":"2015-10-05T17:52:12","guid":{"rendered":"http:\/\/futboltotal.com.mx\/?p=319920"},"modified":"2015-10-05T12:58:02","modified_gmt":"2015-10-05T17:58:02","slug":"liverpool-alista-el-fichaje-de-klopp","status":"publish","type":"post","link":"http:\/\/desarrollo.grupomedios.com\/futbol\/futbol-internacional\/liverpool-alista-el-fichaje-de-klopp\/2015\/10","title":{"rendered":"Liverpool alista el fichaje de Klopp"},"content":{"rendered":"<p>El <strong>Liverpool<\/strong> tiene pendiente anunciar el nombramiento de su nuevo director t\u00e9cnico. Esta semana tendr\u00e1 una reuni\u00f3n decisiva con <strong>J\u00fcrgen Klopp<\/strong>, <a href=\"http:\/\/futboltotal.com.mx\/2015\/10\/brendan-rodgers-es-destituido-como-director-tecnico-del-liverpool\/\">principal candidato para ocupar el sitio de <strong>Brendan Rodgers<\/strong><\/a>, destituido el pasado fin de semana tras ocho jornadas de la Premier League, y cuya \u00fanica condici\u00f3n para aceptar la propuesta es que <strong>el club le permita decidir las transferencias del club<\/strong><em><strong>.<\/strong> <\/em><\/p>\n<p>Con dos semanas por delante en las que hay receso liguero por Fecha FIFA, la directiva londinense iniciar\u00e1 conversaciones formales con el ex entrenador del <strong>Borussia Dortmund<\/strong>. Por primera vez habr\u00e1 un encuentro entre ambas partes y Klopp podr\u00e1 reunirse por primera vez con Mike Gordon, presidente de Fenway Sports Group, empresa propietaria del club, quien es el principal interesado en que llegue a Anfield.<\/p>\n<p><strong>Klopp<\/strong> tendr\u00e1 solo unos d\u00edas para decidir si acepta o no firmar con el <strong>Liverpool<\/strong>, que le ofrecer\u00eda un contrato por al menos un par de temporadas y quiere que debute el pr\u00f3ximo 17 de octubre ante el Tottenham. Que <em>Kloppo<\/em> pueda dar el &#8220;s\u00ed&#8221; depender\u00e1 en gran medida de la flexibilidad de los <em>Reds<\/em> para dejarlo decidir qui\u00e9nes son los pr\u00f3ximos fichajes y traspasos del club. El estratega tiene claro que al final ser\u00e1 quien construya en el d\u00eda a d\u00eda el proyecto deportivo y quiere confeccionar su propia plantilla.<\/p>\n<p>En este tenor, el <strong>Liverpool<\/strong> tendr\u00eda que modificar la pol\u00edtica de fichajes, pues siempre han sido los altos mandos de la entidad quienes deciden las entradas y salidas de jugadores. De hecho, en los tres a\u00f1os que estuvo el t\u00e9cnico Brendnan Rodgers, el club nunca le permiti\u00f3 ser decisivo en dicha asignatura. La \u00faltima prueba de ello fue en el pasado mercado de fichajes, cuando la entidad gast\u00f3 88 millones de libras en jugadores menores de 24 a\u00f1os, de los cu\u00e1les solo Christian Benteke agradaba al escoc\u00e9s.<\/p>\n","protected":false},"excerpt":{"rendered":"<p>El t\u00e9cnico alem\u00e1n tendr\u00e1 una reuni\u00f3n clave con la directiva de Anfield <\/p>\n","protected":false},"author":20,"featured_media":319969,"comment_status":"open","ping_status":"open","sticky":false,"template":"","format":"standard","meta":[],"categories":[3839,3846,5951],"tags":[2863,5989],"_links":{"self":[{"href":"http:\/\/desarrollo.grupomedios.com\/futbol\/wp-json\/wp\/v2\/posts\/319920"}],"collection":[{"href":"http:\/\/desarrollo.grupomedios.com\/futbol\/wp-json\/wp\/v2\/posts"}],"about":[{"href":"http:\/\/desarrollo.grupomedios.com\/futbol\/wp-json\/wp\/v2\/types\/post"}],"author":[{"embeddable":true,"href":"http:\/\/desarrollo.grupomedios.com\/futbol\/wp-json\/wp\/v2\/users\/20"}],"replies":[{"embeddable":true,"href":"http:\/\/desarrollo.grupomedios.com\/futbol\/wp-json\/wp\/v2\/comments?post=319920"}],"version-history":[{"count":0,"href":"http:\/\/desarrollo.grupomedios.com\/futbol\/wp-json\/wp\/v2\/posts\/319920\/revisions"}],"wp:featuredmedia":[{"embeddable":true,"href":"http:\/\/desarrollo.grupomedios.com\/futbol\/wp-json\/wp\/v2\/media\/319969"}],"wp:attachment":[{"href":"http:\/\/desarrollo.grupomedios.com\/futbol\/wp-json\/wp\/v2\/media?parent=319920"}],"wp:term":[{"taxonomy":"category","embeddable":true,"href":"http:\/\/desarrollo.grupomedios.com\/futbol\/wp-json\/wp\/v2\/categories?post=319920"},{"taxonomy":"post_tag","embeddable":true,"href":"http:\/\/desarrollo.grupomedios.com\/futbol\/wp-json\/wp\/v2\/tags?post=319920"}],"curies":[{"name":"wp","href":"https:\/\/api.w.org\/{rel}","templated":true}]}}