{"id":319963,"date":"2015-10-05T13:15:30","date_gmt":"2015-10-05T18:15:30","guid":{"rendered":"http:\/\/futboltotal.com.mx\/?p=319963"},"modified":"2015-10-05T13:18:34","modified_gmt":"2015-10-05T18:18:34","slug":"definidas-las-selecciones-para-preolimpico-de-baloncesto","status":"publish","type":"post","link":"http:\/\/desarrollo.grupomedios.com\/futbol\/no-todo-es-futbol\/definidas-las-selecciones-para-preolimpico-de-baloncesto\/2015\/10","title":{"rendered":"Definidas las selecciones para Preol\u00edmpico de baloncesto"},"content":{"rendered":"<p>Este fin de semana, culminaron los eventos continentales restantes de la <strong>FIBA<\/strong>, en los que se disputaban los boletos directos a los <strong>Juegos Ol\u00edmpicos<\/strong>, por ello, los 15 representativos que no lograron acceder directamente a <strong>R\u00edo de Janeiro 2016<\/strong>, disputar\u00e1n el torneo <strong>Preol\u00edmpico<\/strong> en busca de las \u00faltimas invitaciones a la justa.<\/p>\n<p>Solo restaba el campeonato de Asia, quien ya arroj\u00f3 a sus tres participantes para el <strong>Preol\u00edmpico<\/strong>, que ser\u00e1n Filipinas, Ir\u00e1n y Jap\u00f3n; China venci\u00f3 a Filipinas por 78-67 por lo que se clasific\u00f3 directamente a <strong>R\u00edo de Janeiro 2016<\/strong>. El torneo se llevar\u00e1 a cabo entre el 5 y 10 de julio de 2016, en el que se definir\u00e1n 3 boletos para los <strong>Juegos Ol\u00edmpicos<\/strong>.<\/p>\n<p>A las 15 selecciones que competir\u00e1n en el <strong>Preol\u00edmpico<\/strong>, se les sumar\u00e1n otras tres, quienes ser\u00e1n elegidas de acuerdo a las sedes para llevar a cabo el certamen; que por primera vez tendr\u00e1 esa cantidad de ubicaciones, pues antes era solo una.<\/p>\n<p>El <strong>Preol\u00edmpico<\/strong> tendr\u00e1 a los siguientes participantes:<\/p>\n<p><strong>FIBA \u00c1frica |<\/strong> \u00c1ngola, T\u00fanez, Senegal<\/p>\n<p><strong>FIBA Am\u00e9ricas |<\/strong> Canad\u00e1, M\u00e9xico, Puerto Rico<\/p>\n<p><strong>FIBA Asia |<\/strong> Filipinas, Ir\u00e1n, Jap\u00f3n<\/p>\n<p><strong>FIBA Europa |<\/strong> Francia, Italia, Grecia, Serbia, Rep\u00fablica Checa<\/p>\n<p><strong>FIBA Ocean\u00eda |<\/strong> Nueva Zelanda<\/p>\n<p style=\"text-align: center;\"><span style=\"color: #3366ff;\"><strong><a style=\"color: #3366ff;\" href=\"http:\/\/futboltotal.com.mx\/2015\/09\/a-15-anos-de-la-mejor-clavada-de-la-historia\/\">LEER M\u00c1S: A 15 a\u00f1os de la mejor clava de la historia<\/a><\/strong><\/span><\/p>\n<p>El Preol\u00edmpico de <strong>FIBA<\/strong> rumbo a los <strong>Juegos Ol\u00edmpicos de 2016<\/strong>, se llevar\u00e1 a cabo en una competencia de tres grupos, con encuentros de todos contra todos. El primer lugar de cada sector, tendr\u00e1 el boleto R\u00edo de Janeiro.<\/p>\n<p>Mientras tanto, los equipos ya clasificados a los <strong>Juegos Ol\u00edmpicos<\/strong> son Brasil, Nigeria, Estados Unidos, Venezuela, Argentina, China, Lituania, Espa\u00f1a y Australia.<\/p>\n","protected":false},"excerpt":{"rendered":"<p>Est\u00e1n listas mayor\u00eda de representativos que jugar\u00e1n por los \u00faltimos boletos para los JO<\/p>\n","protected":false},"author":20,"featured_media":319987,"comment_status":"open","ping_status":"open","sticky":false,"template":"","format":"standard","meta":[],"categories":[5814,5418],"tags":[6208,6228,5949],"_links":{"self":[{"href":"http:\/\/desarrollo.grupomedios.com\/futbol\/wp-json\/wp\/v2\/posts\/319963"}],"collection":[{"href":"http:\/\/desarrollo.grupomedios.com\/futbol\/wp-json\/wp\/v2\/posts"}],"about":[{"href":"http:\/\/desarrollo.grupomedios.com\/futbol\/wp-json\/wp\/v2\/types\/post"}],"author":[{"embeddable":true,"href":"http:\/\/desarrollo.grupomedios.com\/futbol\/wp-json\/wp\/v2\/users\/20"}],"replies":[{"embeddable":true,"href":"http:\/\/desarrollo.grupomedios.com\/futbol\/wp-json\/wp\/v2\/comments?post=319963"}],"version-history":[{"count":0,"href":"http:\/\/desarrollo.grupomedios.com\/futbol\/wp-json\/wp\/v2\/posts\/319963\/revisions"}],"wp:featuredmedia":[{"embeddable":true,"href":"http:\/\/desarrollo.grupomedios.com\/futbol\/wp-json\/wp\/v2\/media\/319987"}],"wp:attachment":[{"href":"http:\/\/desarrollo.grupomedios.com\/futbol\/wp-json\/wp\/v2\/media?parent=319963"}],"wp:term":[{"taxonomy":"category","embeddable":true,"href":"http:\/\/desarrollo.grupomedios.com\/futbol\/wp-json\/wp\/v2\/categories?post=319963"},{"taxonomy":"post_tag","embeddable":true,"href":"http:\/\/desarrollo.grupomedios.com\/futbol\/wp-json\/wp\/v2\/tags?post=319963"}],"curies":[{"name":"wp","href":"https:\/\/api.w.org\/{rel}","templated":true}]}}