{"id":319975,"date":"2015-10-05T13:25:01","date_gmt":"2015-10-05T18:25:01","guid":{"rendered":"http:\/\/futboltotal.com.mx\/?p=319975"},"modified":"2015-10-06T10:43:10","modified_gmt":"2015-10-06T15:43:10","slug":"piden-a-neymar-no-ser-como-messi","status":"publish","type":"post","link":"http:\/\/desarrollo.grupomedios.com\/futbol\/futbol-internacional\/piden-a-neymar-no-ser-como-messi\/2015\/10","title":{"rendered":"Piden a Neymar no ser como Messi"},"content":{"rendered":"<p>El ex delantero de la selecci\u00f3n de <b>Brasil<\/b>, <b>Juninho Pernambucano<\/b>, le pide a <b>Neymar<\/b> que, a pesar de ir en plan ascendente con la <em>Canarinha<\/em>, no se obsesione con querer tomar el lugar protag\u00f3nico de <b>Lionel Messi<\/b> en el <b>Barcelona<\/b>.<\/p>\n<p>El tambi\u00e9n ex delantero del Olympique Lyon y multicampe\u00f3n franc\u00e9s advierte que las presiones en ambos frentes es distinta, as\u00ed que ante la ausencia del oriundo de Messi, <b>Neymar<\/b> debe de concretarse a hacer su trabajo dentro del plantel <em>blaugrana<\/em>.<\/p>\n<p style=\"text-align: center;\"><strong><span style=\"color: #3366ff;\"><a style=\"color: #3366ff;\" href=\"http:\/\/futboltotal.com.mx\/futbol-internacional\/\">LEER M\u00c1S: Todas las noticias del futbol internacional<\/a><\/span><\/strong><\/p>\n<p>\u201cSu preocupaci\u00f3n no debe ser `voy a sustituir a <b>Messi<\/b>, voy a chutar y a hacer todos los goles y todas las jugadas\u00b4 Eso no puede ser, no puede obsesionarse. Es mucho mas dif\u00edcil ser protagonista en el Barcelona que en la selecci\u00f3n de Brasil\u201d mencion\u00f3 el ahora comentarista de televisi\u00f3n.<\/p>\n<p>Juninho mencion\u00f3 que <b>Neymar<\/b> est\u00e1 acostumbrado a la presi\u00f3n, la vivi\u00f3 en Santos y en la selecci\u00f3n, pero que ahora esta en el mejor equipo del mundo, quien en este momento sufre por la ausencia de su mejor elemento.<\/p>\n<p>\u201cCon la ausencia de <b>Messi<\/b> quiz\u00e1 la presi\u00f3n ahora es superior para el, pero el ya esta acostumbrado. Lo hizo en Santos y tambi\u00e9n es el centro de atenci\u00f3n con <b>Brasil<\/b>. Debemos tener paciencia con \u00e9l. No es f\u00e1cil jugar ni en selecci\u00f3n, ni en Barca, el mejor equipo del mundo, y cuando no esta el mejor jugador del mundo es a\u00fan m\u00e1s dif\u00edcil\u201d<\/p>\n<p>El tambi\u00e9n ex jugador del Vasco Da Gama, sin embargo, le pide m\u00e1s participaci\u00f3n por parte del \u201c10\u201d brasile\u00f1o; estar m\u00e1s cerca de los dem\u00e1s elementos y poder adquirir lo mejor de ellos.<\/p>\n<p>\u201cDebe, tal vez, tomar m\u00e1s la iniciativa. Debe estar mas atento y concentrado de lo habitual, sabiendo que <b>Messi<\/b> no esta y, tal vez, tomar m\u00e1s la iniciativa y estar mas cerca de los jugadores\u201d finaliz\u00f3.<\/p>\n<p>&nbsp;<\/p>\n","protected":false},"excerpt":{"rendered":"<p>&#8220;No debe preocuparse por ser como Lio en el Barcelona&#8221;, dijo Juninho<\/p>\n","protected":false},"author":20,"featured_media":319991,"comment_status":"open","ping_status":"open","sticky":false,"template":"","format":"standard","meta":[],"categories":[3839,5951],"tags":[6009,4117,6229,5829,6001],"_links":{"self":[{"href":"http:\/\/desarrollo.grupomedios.com\/futbol\/wp-json\/wp\/v2\/posts\/319975"}],"collection":[{"href":"http:\/\/desarrollo.grupomedios.com\/futbol\/wp-json\/wp\/v2\/posts"}],"about":[{"href":"http:\/\/desarrollo.grupomedios.com\/futbol\/wp-json\/wp\/v2\/types\/post"}],"author":[{"embeddable":true,"href":"http:\/\/desarrollo.grupomedios.com\/futbol\/wp-json\/wp\/v2\/users\/20"}],"replies":[{"embeddable":true,"href":"http:\/\/desarrollo.grupomedios.com\/futbol\/wp-json\/wp\/v2\/comments?post=319975"}],"version-history":[{"count":0,"href":"http:\/\/desarrollo.grupomedios.com\/futbol\/wp-json\/wp\/v2\/posts\/319975\/revisions"}],"wp:featuredmedia":[{"embeddable":true,"href":"http:\/\/desarrollo.grupomedios.com\/futbol\/wp-json\/wp\/v2\/media\/319991"}],"wp:attachment":[{"href":"http:\/\/desarrollo.grupomedios.com\/futbol\/wp-json\/wp\/v2\/media?parent=319975"}],"wp:term":[{"taxonomy":"category","embeddable":true,"href":"http:\/\/desarrollo.grupomedios.com\/futbol\/wp-json\/wp\/v2\/categories?post=319975"},{"taxonomy":"post_tag","embeddable":true,"href":"http:\/\/desarrollo.grupomedios.com\/futbol\/wp-json\/wp\/v2\/tags?post=319975"}],"curies":[{"name":"wp","href":"https:\/\/api.w.org\/{rel}","templated":true}]}}