{"id":320009,"date":"2015-10-05T18:50:50","date_gmt":"2015-10-05T23:50:50","guid":{"rendered":"http:\/\/futboltotal.com.mx\/?p=320009"},"modified":"2015-10-05T18:49:38","modified_gmt":"2015-10-05T23:49:38","slug":"javier-guemez-sustituto-de-giovani-dos-santos-con-la-seleccion-mexicana","status":"publish","type":"post","link":"http:\/\/desarrollo.grupomedios.com\/futbol\/destacado-home\/javier-guemez-sustituto-de-giovani-dos-santos-con-la-seleccion-mexicana\/2015\/10","title":{"rendered":"G\u00fcemez, sustituto de Gio en Selecci\u00f3n Mexicana"},"content":{"rendered":"<p><a href=\"http:\/\/futboltotal.com.mx\/2015\/10\/giovani-dos-santos-baja-de-la-seleccion-mexicana-contra-estados-unidos\/\">La baja de <strong>Giovani dos Santos<\/strong> de la <strong>Selecci\u00f3n Mexicana<\/strong><\/a> caus\u00f3 sorpresa al interior de la concentraci\u00f3n. Lamentablemente el futbolista del <em>Galaxy<\/em> de Los \u00c1ngeles result\u00f3 con molestias musculares al finalizar el duelo del domingo y por ello se ausentar\u00e1 del duelo ante los <strong>Estados Unidos<\/strong>.<\/p>\n<p>Con la baja de <em>Gio<\/em>, eran\u00a0varios los elementos que se manten\u00edan a la expectativa de recibir un llamado para el trascendental duelo por un boleto para la Copa Confederaciones 2017, pero el beneficiado ser\u00eda <strong>Javier G\u00fcemez<\/strong>.<\/p>\n<p style=\"text-align: center;\"><span style=\"color: #3366ff;\"><strong><a style=\"color: #3366ff;\" href=\"http:\/\/futboltotal.com.mx\/2015\/10\/gullit-pena-baja-por-lesion-del-tri\/\">LEER M\u00c1S: Gullit Pe\u00f1a, baja por lesi\u00f3n del Tri<\/a><\/strong><\/span><\/p>\n<p>Pese a no ocupar la misma posici\u00f3n que <strong>Giovani dos Santos<\/strong>, <strong>Javier G\u00fcemez<\/strong> fue convocado en la pasada Fecha FIFA por el entrenador interino del <em>Tri<\/em>\u00a0y para esta situaci\u00f3n de emergencia le reitera la confianza. De acuerdo a reportes de <em>ESPN<\/em>, Ricardo Pel\u00e1ez, presidente del <strong>Am\u00e9rica<\/strong>,\u00a0afirm\u00f3 el llamado aunque la informaci\u00f3n no ha sido confirmada por la <strong>Selecci\u00f3n Mexicana<\/strong>.<\/p>\n<p><strong>G\u00fcemez<\/strong> ha contado con un despegue fant\u00e1stico desde su estreno en la Primera Divisi\u00f3n. Procedente de las Fuerzas B\u00e1sicas de <em>Dorados<\/em>, el llamado de emergencia de <em>Tuca<\/em> debut\u00f3 en el 2013 con los <em>Xolos<\/em> de Tijuana y no tard\u00f3 en llamar la atenci\u00f3n de equipos importantes de la <strong>Liga MX<\/strong>, siendo <strong>Am\u00e9rica<\/strong> el equipo que logr\u00f3 hacerse con sus servicios. El mediocampista se ha convertido en recurrente en sus llamados a la\u00a0<strong>Selecci\u00f3n Mexicana<\/strong>\u00a0tras su debut en 2014, disputando la Copa Am\u00e9rica 2015.<\/p>\n<p style=\"text-align: center;\"><strong><span style=\"color: #3366ff;\"><a style=\"color: #3366ff;\" href=\"http:\/\/futboltotal.com.mx\/futbol-mexicano\/seleccion-mexicana\/\">LEER M\u00c1S: Todas las noticias sobre la Selecci\u00f3n Mexicana<\/a><\/span><\/strong><\/p>\n","protected":false},"excerpt":{"rendered":"<p>El mediocampista de Am\u00e9rica fue incluido en la lista del Tuca<\/p>\n","protected":false},"author":20,"featured_media":320020,"comment_status":"open","ping_status":"open","sticky":false,"template":"","format":"standard","meta":[],"categories":[5,3847],"tags":[5982,5571,5979],"_links":{"self":[{"href":"http:\/\/desarrollo.grupomedios.com\/futbol\/wp-json\/wp\/v2\/posts\/320009"}],"collection":[{"href":"http:\/\/desarrollo.grupomedios.com\/futbol\/wp-json\/wp\/v2\/posts"}],"about":[{"href":"http:\/\/desarrollo.grupomedios.com\/futbol\/wp-json\/wp\/v2\/types\/post"}],"author":[{"embeddable":true,"href":"http:\/\/desarrollo.grupomedios.com\/futbol\/wp-json\/wp\/v2\/users\/20"}],"replies":[{"embeddable":true,"href":"http:\/\/desarrollo.grupomedios.com\/futbol\/wp-json\/wp\/v2\/comments?post=320009"}],"version-history":[{"count":0,"href":"http:\/\/desarrollo.grupomedios.com\/futbol\/wp-json\/wp\/v2\/posts\/320009\/revisions"}],"wp:featuredmedia":[{"embeddable":true,"href":"http:\/\/desarrollo.grupomedios.com\/futbol\/wp-json\/wp\/v2\/media\/320020"}],"wp:attachment":[{"href":"http:\/\/desarrollo.grupomedios.com\/futbol\/wp-json\/wp\/v2\/media?parent=320009"}],"wp:term":[{"taxonomy":"category","embeddable":true,"href":"http:\/\/desarrollo.grupomedios.com\/futbol\/wp-json\/wp\/v2\/categories?post=320009"},{"taxonomy":"post_tag","embeddable":true,"href":"http:\/\/desarrollo.grupomedios.com\/futbol\/wp-json\/wp\/v2\/tags?post=320009"}],"curies":[{"name":"wp","href":"https:\/\/api.w.org\/{rel}","templated":true}]}}