{"id":320058,"date":"2015-10-05T17:59:39","date_gmt":"2015-10-05T22:59:39","guid":{"rendered":"http:\/\/futboltotal.com.mx\/?p=320058"},"modified":"2015-10-05T17:59:39","modified_gmt":"2015-10-05T22:59:39","slug":"malas-decisiones-afectan-al-barcelona","status":"publish","type":"post","link":"http:\/\/desarrollo.grupomedios.com\/futbol\/futbol-internacional\/malas-decisiones-afectan-al-barcelona\/2015\/10","title":{"rendered":"\u00bfMalas decisiones afectan al Barcelona?"},"content":{"rendered":"<p>M\u00e1s all\u00e1 de las lesiones que hay dentro del plantel, parece que en el <strong>Barcelona<\/strong> preocupa m\u00e1s un tema, y es el asunto del <strong>arbitraje<\/strong> en sus partidos, ya que dejan ver, que puede haber decisiones que est\u00e1n buscando perjudicarlos.<\/p>\n<p>El primero en pronunciarse fue el entrenador de los catal\u00e1nes, <strong>Luis Enrique<\/strong>\u00a0quien, en la previa del encuentro que su equipo sostuvo ante el Sevilla en la Liga, mencion\u00f3 que puede haber intenciones de alg\u00fan agente externo para desestabilizar al equipo.<\/p>\n<p>\u201cVeo ganas de que esto se tuerza, de que reviente todo, pero somos como el corcho: salimos a flote&#8221;, sostuvo, evitando nombres o situaciones concretas.<\/p>\n<p style=\"text-align: center;\"><strong><span style=\"color: #3366ff;\"><a style=\"color: #3366ff;\" href=\"http:\/\/futboltotal.com.mx\/futbol-internacional\/\">LEER M\u00c1S: Todas las noticias del futbol internacional<\/a><\/span><\/strong><\/p>\n<p>Acabando el encuentro en el que el Barcelona cay\u00f3 derrotado en el S\u00e1nchez Pizju\u00e1n por marcador 2-1, el mediocampista <strong>Sergio Busquets<\/strong> agreg\u00f3 un comentario alusivo al tema, en el que dej\u00f3 entre lineas inter\u00e9s de presuntos porque ganen otros planteles.<\/p>\n<p>\u201cEs cierto que venimos de ganarlo todo y que a lo mejor hay gente que quiere que gane otro equipo. Venimos de un periodo largo, con muchos partidos, no hemos podido fichar, inscribir jugadores, ha habido lesiones y todo se ha juntado, pero hay que afrontar los partidos sin excusas\u201d.<\/p>\n<p>Por \u00faltimo, fue el presidente de la entidad blaugrana <strong>Josep Mar\u00eda Bartomeu<\/strong>, quien se pronunci\u00f3 con un tono m\u00e1s democr\u00e1tico, pero asegurando que si alg\u00fan problema con los \u00e1rbitros llegara a pasar, tomar\u00edan cartas en el asunto.<\/p>\n<p>&#8220;Respetamos a los \u00e1rbitros, pero cuando no nos gusten sus actuaciones intentaremos solucionarlo&#8221;, finaliz\u00f3.<\/p>\n<p><strong>Barcelona<\/strong> se encuentra en la cuarta posici\u00f3n de la Liga con 15 puntos, empatado con <strong>Real Madrid<\/strong> y <strong>Celta de Vigo<\/strong>, y a solo 1 unidad del <strong>Villarreal<\/strong>, l\u00edder del torneo.<\/p>\n","protected":false},"excerpt":{"rendered":"<p>Busquets, Luis Enrique y Bartomeu dejan ver desconcierto<\/p>\n","protected":false},"author":20,"featured_media":320065,"comment_status":"open","ping_status":"open","sticky":false,"template":"","format":"standard","meta":[],"categories":[3839,3844],"tags":[5984,6232,1913,4051,6031,49],"_links":{"self":[{"href":"http:\/\/desarrollo.grupomedios.com\/futbol\/wp-json\/wp\/v2\/posts\/320058"}],"collection":[{"href":"http:\/\/desarrollo.grupomedios.com\/futbol\/wp-json\/wp\/v2\/posts"}],"about":[{"href":"http:\/\/desarrollo.grupomedios.com\/futbol\/wp-json\/wp\/v2\/types\/post"}],"author":[{"embeddable":true,"href":"http:\/\/desarrollo.grupomedios.com\/futbol\/wp-json\/wp\/v2\/users\/20"}],"replies":[{"embeddable":true,"href":"http:\/\/desarrollo.grupomedios.com\/futbol\/wp-json\/wp\/v2\/comments?post=320058"}],"version-history":[{"count":0,"href":"http:\/\/desarrollo.grupomedios.com\/futbol\/wp-json\/wp\/v2\/posts\/320058\/revisions"}],"wp:featuredmedia":[{"embeddable":true,"href":"http:\/\/desarrollo.grupomedios.com\/futbol\/wp-json\/wp\/v2\/media\/320065"}],"wp:attachment":[{"href":"http:\/\/desarrollo.grupomedios.com\/futbol\/wp-json\/wp\/v2\/media?parent=320058"}],"wp:term":[{"taxonomy":"category","embeddable":true,"href":"http:\/\/desarrollo.grupomedios.com\/futbol\/wp-json\/wp\/v2\/categories?post=320058"},{"taxonomy":"post_tag","embeddable":true,"href":"http:\/\/desarrollo.grupomedios.com\/futbol\/wp-json\/wp\/v2\/tags?post=320058"}],"curies":[{"name":"wp","href":"https:\/\/api.w.org\/{rel}","templated":true}]}}