{"id":320176,"date":"2015-10-06T10:28:21","date_gmt":"2015-10-06T15:28:21","guid":{"rendered":"http:\/\/futboltotal.com.mx\/?p=320176"},"modified":"2015-10-06T10:45:50","modified_gmt":"2015-10-06T15:45:50","slug":"marco-fabian-vencio-a-paola-longoria","status":"publish","type":"post","link":"http:\/\/desarrollo.grupomedios.com\/futbol\/videos\/marco-fabian-vencio-a-paola-longoria\/2015\/10","title":{"rendered":"La reta entre Marco Fabi\u00e1n y Pao Longoria"},"content":{"rendered":"<p><strong>Marco Fabi\u00e1n<\/strong> se relaj\u00f3 un poco tras<strong> <a href=\"http:\/\/futboltotal.com.mx\/2015\/10\/resultado-liga-mx-pumas-1-0-chivas\/\">la derrota de sus Chivas frente a Pumas<\/a>. <\/strong>El futbolista del <em>Reba\u00f1o Sagrado<\/em> demostr\u00f3 que no solo cuenta con destrezas futbol\u00edsticas y lo comprob\u00f3 disputando un partidito con la raquetbolista n\u00famero 1 del mundo,<strong> Paola Longoria.<\/strong><\/p>\n<p>Longoria es casi invencible en su disciplina y en infinidad de ocasiones, gana sets sin perder ni un solo punto de los disputados. Por ello, <strong>Marco Fabi\u00e1n<\/strong> no dud\u00f3 en presumir en su cuenta de Facebook el haber ganado un punto a la\u00a0mexicana que m\u00e1s domina su disciplina.<\/p>\n<p>&#8220;Entrenar con la campeona del mundo no es algo que se pueda presumir todos los d\u00edas. \u00a1Mucho \u00e9xito \u202a#\u200ePaolaLongoria\u202c en el US OPEN! \u00a1A seguir poniendo el nombre de M\u00e9xico muy en alto! ??&#8221;, se\u00f1al\u00f3 Marco Fabi\u00e1n en su perfil.<\/p>\n<p>Es momento de que el futbolista de Chivas deslumbre tambi\u00e9n en el rect\u00e1ngulo verde y no solo en sus apariciones en actividades extracancha.<\/p>\n<div id=\"fb-root\"><\/div>\n<p><script>\/\/ <![CDATA[\n(function(d, s, id) { var js, fjs = d.getElementsByTagName(s)[0]; if (d.getElementById(id)) return; js = d.createElement(s); js.id = id; js.src = \"\/\/connect.facebook.net\/es_ES\/sdk.js#xfbml=1&#038;version=v2.3\"; fjs.parentNode.insertBefore(js, fjs);}(document, 'script', 'facebook-jssdk'));\n\/\/ ]]><\/script><\/p>\n<div class=\"fb-video\" data-allowfullscreen=\"1\" data-href=\"https:\/\/www.facebook.com\/MarcoFabian10\/videos\/938766222861578\/\">\n<div class=\"fb-xfbml-parse-ignore\">\n<blockquote cite=\"https:\/\/www.facebook.com\/MarcoFabian10\/videos\/938766222861578\/\"><p><a href=\"https:\/\/www.facebook.com\/MarcoFabian10\/videos\/938766222861578\/\">Paola Longoria &#8211; Marco Fabi\u00e1n<\/a>Entrenar con la campeona del mundo no es algo que se pueda presumir todos los d\u00edas. \u00a1Mucho \u00e9xito #PaolaLongoria en el US OPEN! \u00a1A seguir poniendo el nombre de M\u00e9xico muy en alto! ??<\/p>\n<p>Posted by <a href=\"https:\/\/www.facebook.com\/MarcoFabian10\">Marco Fabi\u00e1n<\/a> on Lunes, 5 de octubre de 2015<\/p><\/blockquote>\n<\/div>\n<\/div>\n<p style=\"text-align: center;\"><strong><span style=\"color: #3366ff;\"><a style=\"color: #3366ff;\" href=\"http:\/\/futboltotal.com.mx\/videos\/\">VER M\u00c1S: Todos los videos. <\/a><\/span><\/strong><\/p>\n","protected":false},"excerpt":{"rendered":"<p>El futbolista de Chivas le gan\u00f3 un punto a la mejor jugadora del orbe <\/p>\n","protected":false},"author":20,"featured_media":320185,"comment_status":"open","ping_status":"open","sticky":false,"template":"","format":"standard","meta":[],"categories":[5419,4],"tags":[70,131,6233],"_links":{"self":[{"href":"http:\/\/desarrollo.grupomedios.com\/futbol\/wp-json\/wp\/v2\/posts\/320176"}],"collection":[{"href":"http:\/\/desarrollo.grupomedios.com\/futbol\/wp-json\/wp\/v2\/posts"}],"about":[{"href":"http:\/\/desarrollo.grupomedios.com\/futbol\/wp-json\/wp\/v2\/types\/post"}],"author":[{"embeddable":true,"href":"http:\/\/desarrollo.grupomedios.com\/futbol\/wp-json\/wp\/v2\/users\/20"}],"replies":[{"embeddable":true,"href":"http:\/\/desarrollo.grupomedios.com\/futbol\/wp-json\/wp\/v2\/comments?post=320176"}],"version-history":[{"count":0,"href":"http:\/\/desarrollo.grupomedios.com\/futbol\/wp-json\/wp\/v2\/posts\/320176\/revisions"}],"wp:featuredmedia":[{"embeddable":true,"href":"http:\/\/desarrollo.grupomedios.com\/futbol\/wp-json\/wp\/v2\/media\/320185"}],"wp:attachment":[{"href":"http:\/\/desarrollo.grupomedios.com\/futbol\/wp-json\/wp\/v2\/media?parent=320176"}],"wp:term":[{"taxonomy":"category","embeddable":true,"href":"http:\/\/desarrollo.grupomedios.com\/futbol\/wp-json\/wp\/v2\/categories?post=320176"},{"taxonomy":"post_tag","embeddable":true,"href":"http:\/\/desarrollo.grupomedios.com\/futbol\/wp-json\/wp\/v2\/tags?post=320176"}],"curies":[{"name":"wp","href":"https:\/\/api.w.org\/{rel}","templated":true}]}}