{"id":320245,"date":"2015-10-06T12:55:03","date_gmt":"2015-10-06T17:55:03","guid":{"rendered":"http:\/\/futboltotal.com.mx\/?p=320245"},"modified":"2015-10-06T13:06:11","modified_gmt":"2015-10-06T18:06:11","slug":"ordenan-la-aprehension-de-angelica-fuentes-por-fraude","status":"publish","type":"post","link":"http:\/\/desarrollo.grupomedios.com\/futbol\/futbol-mexicano\/ordenan-la-aprehension-de-angelica-fuentes-por-fraude\/2015\/10","title":{"rendered":"Ordenan la aprehensi\u00f3n de Ang\u00e9lica Fuentes por fraude"},"content":{"rendered":"<p>Un juez penal de Jalisco orden\u00f3 este martes\u00a0la aprehensi\u00f3n de <strong>Ang\u00e9lica Fuentes T\u00e9llez<\/strong> y dos de sus colaboradores por la presunta administraci\u00f3n fraudulenta de Grupo Omnilife, empresa que pertenece a<strong>\u00a0<strong>Jorge Vergara<\/strong><\/strong>.<\/p>\n<p>Efra\u00edn L\u00f3pez Ram\u00edrez, fue el demandante orquestador de la orden de aprehensi\u00f3n para la a\u00fan esposa de Vergara, as\u00ed como de Ram\u00f3n Garc\u00eda Hern\u00e1ndez y Sergio Palacios L\u00f3pez en la causa penal 376\/2015, seg\u00fan indican documentos oficiales.<\/p>\n<p>A los acusados se les atribuye una administraci\u00f3n fraudulenta, prevista en el art\u00edculo 254 BIS fracci\u00f3n tercera del C\u00f3digo Penal de Jalisco, el cual es grave y no admite la posibilidad de suspender la orden de aprehensi\u00f3n mediante un amparo o de obtener la libertad provisional, en caso de que sean detenidos, raz\u00f3n que obligar\u00eda a Ang\u00e9lica Fuentes a pisar la c\u00e1rcel de acuerdo a <em>Cancha<\/em>.<\/p>\n<p>&#8220;(Solicito) que personal a su digno cargo se aboquen a la localizaci\u00f3n y captura de los inculpados de referencia y una vez lograda la misma se sirva ponerlos inmediatamente a disposici\u00f3n de este tribunal en el interior del Centro Integral de Justicia Regional Sur-Sureste, ubicado en la carretera Ciudad Guzm\u00e1n-El Grullo&#8221;, se lee en el oficio 2117\/2015 enviado por L\u00f3pez Ram\u00edrez al titular de la Fiscal\u00eda General del estado.<\/p>\n<p>De acuerdo con informes recabados, la Polic\u00eda Investigadora de Jalisco est\u00e1 trabajando en la b\u00fasqueda y captura de Ang\u00e9lica Fuentes y sus colaboradores, aunque se tienen datos de que la esposa de Jorge Vergara se encuentra en el extranjero desde hace varios meses.<\/p>\n<p>Jorge Vergara, due\u00f1o de Omnilife y de Chivas present\u00f3\u00a0diversas denuncias contra Ang\u00e9lica Fuentes por malos manejos de los recursos de la empresa por sumas cercanas a los 4 mil millones de pesos.<\/p>\n<p>VIDEO: Top 5 de goles, Jornada 12. [video_player]https:\/\/player.vimeo.com\/external\/141462509.sd.mp4?s=4cf9855cf360f9563e46f563e20f925a&amp;profile_id=112[\/video_player]<\/p>\n","protected":false},"excerpt":{"rendered":"<p>En estos momentos se encuentra fuera de M\u00e9xico <\/p>\n","protected":false},"author":20,"featured_media":320249,"comment_status":"open","ping_status":"open","sticky":false,"template":"","format":"standard","meta":[],"categories":[2198,3845],"tags":[2314,243],"_links":{"self":[{"href":"http:\/\/desarrollo.grupomedios.com\/futbol\/wp-json\/wp\/v2\/posts\/320245"}],"collection":[{"href":"http:\/\/desarrollo.grupomedios.com\/futbol\/wp-json\/wp\/v2\/posts"}],"about":[{"href":"http:\/\/desarrollo.grupomedios.com\/futbol\/wp-json\/wp\/v2\/types\/post"}],"author":[{"embeddable":true,"href":"http:\/\/desarrollo.grupomedios.com\/futbol\/wp-json\/wp\/v2\/users\/20"}],"replies":[{"embeddable":true,"href":"http:\/\/desarrollo.grupomedios.com\/futbol\/wp-json\/wp\/v2\/comments?post=320245"}],"version-history":[{"count":0,"href":"http:\/\/desarrollo.grupomedios.com\/futbol\/wp-json\/wp\/v2\/posts\/320245\/revisions"}],"wp:featuredmedia":[{"embeddable":true,"href":"http:\/\/desarrollo.grupomedios.com\/futbol\/wp-json\/wp\/v2\/media\/320249"}],"wp:attachment":[{"href":"http:\/\/desarrollo.grupomedios.com\/futbol\/wp-json\/wp\/v2\/media?parent=320245"}],"wp:term":[{"taxonomy":"category","embeddable":true,"href":"http:\/\/desarrollo.grupomedios.com\/futbol\/wp-json\/wp\/v2\/categories?post=320245"},{"taxonomy":"post_tag","embeddable":true,"href":"http:\/\/desarrollo.grupomedios.com\/futbol\/wp-json\/wp\/v2\/tags?post=320245"}],"curies":[{"name":"wp","href":"https:\/\/api.w.org\/{rel}","templated":true}]}}