{"id":320380,"date":"2015-10-06T23:28:12","date_gmt":"2015-10-07T04:28:12","guid":{"rendered":"http:\/\/futboltotal.com.mx\/?p=320380"},"modified":"2015-10-07T22:43:46","modified_gmt":"2015-10-08T03:43:46","slug":"estados-unidos-y-canada-avanzan-a-semifinales-del-preolimpico","status":"publish","type":"post","link":"http:\/\/desarrollo.grupomedios.com\/futbol\/futbol-mexicano\/seleccion-mexicana\/estados-unidos-y-canada-avanzan-a-semifinales-del-preolimpico\/2015\/10","title":{"rendered":"EU y Canad\u00e1 avanzan a semifinales del Preol\u00edmpico"},"content":{"rendered":"<p>La <b>Selecci\u00f3n Sub-23<\/b> de <b>Estados Unidos<\/b> gole\u00f3 (4-0) este martes a su similar de Panam\u00e1. Y con ello, el combinado estadounidense asegur\u00f3 el liderato del <strong>Grupo A<\/strong> del <b>Preol\u00edmpico<\/b> de la<b> CONCACAF<\/b> y por ende su pasaporte a las semifinales del certamen.<\/p>\n<p><b>Estados Unidos<\/b> avanz\u00f3 de manera invicta y sin contratiempos, confirmando su condici\u00f3n de favorito para conseguir uno de los dos boletos directos que el torneo otorga para estar en los <b>Juegos Ol\u00edmpicos<\/b> de <b>R\u00edo de Janeiro 2016<\/b>.<\/p>\n<p style=\"text-align: center;\"><span style=\"color: #3366ff;\"><strong><a style=\"color: #3366ff;\" href=\"http:\/\/futboltotal.com.mx\/2015\/10\/gallito-vazquez-nueva-baja-de-la-seleccion-mexicana\/\">LEER M\u00c1S: Gallito V\u00e1zquez nueva baja de la Selecci\u00f3n Mexicana<\/a><\/strong><\/span><\/p>\n<p>En tanto, la <b>selecci\u00f3n de Canad\u00e1<\/b>, que empat\u00f3 2-2 con Cuba, qued\u00f3 segundo del <b>Grupo A<\/b> y tambi\u00e9n sell\u00f3 su clasificaci\u00f3n.<\/p>\n<p><strong>GRUPO A<\/strong><\/p>\n<p>Estados Unidos | 6 JG | 0 JE | 0 JP | 9\u00a0PTS | +11 DIF<\/p>\n<p>Canad\u00e1\u00a0| 1\u00a0JG | 1\u00a0JE | 1\u00a0JP | 4\u00a0PTS | 0\u00a0DIF<\/p>\n<p>Cuba\u00a0| 0\u00a0JG | 2\u00a0JE | 1\u00a0JP | 2 PTS | -5\u00a0DIF<\/p>\n<p>Panam\u00e1\u00a0| 0\u00a0JG | 1\u00a0JE | 2\u00a0JP | 1 PTS | -6\u00a0DIF<\/p>\n<p>En las semifinales, <b>Estados Unidos<\/b>, enfrentar\u00e1 a la selecci\u00f3n que termine en el segundo lugar del Grupo B, mientras que <b>Canad\u00e1<\/b> se medir\u00e1 contra quien termine como primero; <a href=\"http:\/\/futboltotal.com.mx\/2015\/10\/en-vivo-mexico-vs-honduras-preolimpico\/\">ambos sitios los disputar\u00e1n este mi\u00e9rcoles <b>M\u00e9xico<\/b> y Honduras<\/a>, tambi\u00e9n clasificados.<\/p>\n<p><strong>GRUPO B<\/strong><\/p>\n<p>M\u00e9xico\u00a0| 2\u00a0JG | 0 JE | 0 JP | 6\u00a0PTS | +5 DIF<\/p>\n<p>Honduras\u00a0| 2\u00a0JG | 0\u00a0JE | 0\u00a0JP | 6\u00a0PTS | +3\u00a0DIF<\/p>\n<p>Hait\u00ed\u00a0|\u00a00\u00a0JG | 0\u00a0JE | 2\u00a0JP | 0\u00a0PTS |\u00a0-2 DIF<\/p>\n<p>Costa Rica\u00a0|\u00a00\u00a0JG | 0\u00a0JE | 2\u00a0JP | 0\u00a0PTS |\u00a0-6\u00a0DIF<\/p>\n<p><span style=\"color: #ff0000;\"><strong>VIDEO<\/strong>: Agenda TV | Fecha FIFA<\/span><\/p>\n<p>[video_player]https:\/\/player.vimeo.com\/external\/141601368.hd.mp4?s=ec91ba586ea6c237817b41356066c5bd&amp;profile_id=113[\/video_player]<\/p>\n","protected":false},"excerpt":{"rendered":"<p>Los estadounidenses confirmaron su condici\u00f3n de favorito<\/p>\n","protected":false},"author":20,"featured_media":320381,"comment_status":"open","ping_status":"open","sticky":false,"template":"","format":"standard","meta":[],"categories":[3847],"tags":[5949,6220],"_links":{"self":[{"href":"http:\/\/desarrollo.grupomedios.com\/futbol\/wp-json\/wp\/v2\/posts\/320380"}],"collection":[{"href":"http:\/\/desarrollo.grupomedios.com\/futbol\/wp-json\/wp\/v2\/posts"}],"about":[{"href":"http:\/\/desarrollo.grupomedios.com\/futbol\/wp-json\/wp\/v2\/types\/post"}],"author":[{"embeddable":true,"href":"http:\/\/desarrollo.grupomedios.com\/futbol\/wp-json\/wp\/v2\/users\/20"}],"replies":[{"embeddable":true,"href":"http:\/\/desarrollo.grupomedios.com\/futbol\/wp-json\/wp\/v2\/comments?post=320380"}],"version-history":[{"count":0,"href":"http:\/\/desarrollo.grupomedios.com\/futbol\/wp-json\/wp\/v2\/posts\/320380\/revisions"}],"wp:featuredmedia":[{"embeddable":true,"href":"http:\/\/desarrollo.grupomedios.com\/futbol\/wp-json\/wp\/v2\/media\/320381"}],"wp:attachment":[{"href":"http:\/\/desarrollo.grupomedios.com\/futbol\/wp-json\/wp\/v2\/media?parent=320380"}],"wp:term":[{"taxonomy":"category","embeddable":true,"href":"http:\/\/desarrollo.grupomedios.com\/futbol\/wp-json\/wp\/v2\/categories?post=320380"},{"taxonomy":"post_tag","embeddable":true,"href":"http:\/\/desarrollo.grupomedios.com\/futbol\/wp-json\/wp\/v2\/tags?post=320380"}],"curies":[{"name":"wp","href":"https:\/\/api.w.org\/{rel}","templated":true}]}}