{"id":320397,"date":"2015-10-07T09:02:56","date_gmt":"2015-10-07T14:02:56","guid":{"rendered":"http:\/\/futboltotal.com.mx\/?p=320397"},"modified":"2015-10-07T09:05:38","modified_gmt":"2015-10-07T14:05:38","slug":"barcelona-recurrira-al-tas-por-caso-turan","status":"publish","type":"post","link":"http:\/\/desarrollo.grupomedios.com\/futbol\/futbol-internacional\/barcelona-recurrira-al-tas-por-caso-turan\/2015\/10","title":{"rendered":"Barcelona recurrir\u00e1 al TAS por caso Turan"},"content":{"rendered":"<p><strong>Barcelona<\/strong> sigue en la lucha por inscribir en su plantilla al turco <strong>Ardan Turan<\/strong>, tanto que, apelara al <strong>Tribunal de Arbitraje Deportivo<\/strong> (<strong>TAS<\/strong>) para obtener dicha resoluci\u00f3n; esto, ante la negativa de la <strong>FIFA<\/strong> por la petici\u00f3n de los blaugranas.<\/p>\n<p>Ante la lesi\u00f3n de <strong>Rafinha<\/strong>, quien se perder\u00e1 toda la temporada, el conjunto catal\u00e1n busc\u00f3 poder inscribir a <strong>Turan<\/strong> al plantel, quien fue contratado en el periodo de fichajes pasado, pero que sab\u00eda de antemano que iba a participar hasta inicios del a\u00f1o, por la sanci\u00f3n que carga la entidad por irregularidades en los fichajes en a\u00f1os pasados.<\/p>\n<p>Sin embargo, el <strong>Barcelona<\/strong> recibi\u00f3 la negativa del m\u00e1ximo organismo rector, alegando que el club deb\u00eda de cumplir su periodo de castigo; por lo que los catalanes, seg\u00fan fuentes de EFE, presentar\u00e1n a final de semana un recurso ante el <strong>Comit\u00e9 de Apelaci\u00f3n<\/strong> de la <strong>FIFA<\/strong>, en el cual anunciar\u00e1n que ellos ya han cumplido con su periodo de castigo, y ya pueden hacer uso de sus jugadores, tanto en el primer equipo como en sus equipos inferiores.<\/p>\n<p style=\"text-align: center;\"><strong><span style=\"color: #3366ff;\"><a style=\"color: #3366ff;\" href=\"http:\/\/futboltotal.com.mx\/futbol-internacional\/\">LEER MAS: Toda la informaci\u00f3n del futbol internacional<\/a><\/span><\/strong><\/p>\n<p>De no conseguir tal apelaci\u00f3n, el <strong>Barcelona<\/strong> pasar\u00e1 al <strong>Tribunal de Arbitraje Deportivo<\/strong> para solicitar la inscripci\u00f3n de <strong>Turan<\/strong>.<\/p>\n<p>Hay que recordar que, adem\u00e1s de la lesi\u00f3n de <strong>Rafinha<\/strong>, el <strong>Barcelona<\/strong> ha sufrido las bajas temporales de <strong>Thomas Vermaelen<\/strong>, <strong>Claudio Bravo<\/strong>, <strong>Andr\u00e9s Iniesta<\/strong> y <strong>Lionel Messi<\/strong>, por lo que a los catal\u00e1nes les urge tener elementos en quienes apoyarse.<\/p>\n","protected":false},"excerpt":{"rendered":"<p>Los catalanes buscar\u00e1n al TAS ante nueva negativa de FIFA<\/p>\n","protected":false},"author":20,"featured_media":292066,"comment_status":"open","ping_status":"open","sticky":false,"template":"","format":"standard","meta":[],"categories":[3839,3844],"tags":[6055,5984,6239,361,3811,6240],"_links":{"self":[{"href":"http:\/\/desarrollo.grupomedios.com\/futbol\/wp-json\/wp\/v2\/posts\/320397"}],"collection":[{"href":"http:\/\/desarrollo.grupomedios.com\/futbol\/wp-json\/wp\/v2\/posts"}],"about":[{"href":"http:\/\/desarrollo.grupomedios.com\/futbol\/wp-json\/wp\/v2\/types\/post"}],"author":[{"embeddable":true,"href":"http:\/\/desarrollo.grupomedios.com\/futbol\/wp-json\/wp\/v2\/users\/20"}],"replies":[{"embeddable":true,"href":"http:\/\/desarrollo.grupomedios.com\/futbol\/wp-json\/wp\/v2\/comments?post=320397"}],"version-history":[{"count":0,"href":"http:\/\/desarrollo.grupomedios.com\/futbol\/wp-json\/wp\/v2\/posts\/320397\/revisions"}],"wp:featuredmedia":[{"embeddable":true,"href":"http:\/\/desarrollo.grupomedios.com\/futbol\/wp-json\/wp\/v2\/media\/292066"}],"wp:attachment":[{"href":"http:\/\/desarrollo.grupomedios.com\/futbol\/wp-json\/wp\/v2\/media?parent=320397"}],"wp:term":[{"taxonomy":"category","embeddable":true,"href":"http:\/\/desarrollo.grupomedios.com\/futbol\/wp-json\/wp\/v2\/categories?post=320397"},{"taxonomy":"post_tag","embeddable":true,"href":"http:\/\/desarrollo.grupomedios.com\/futbol\/wp-json\/wp\/v2\/tags?post=320397"}],"curies":[{"name":"wp","href":"https:\/\/api.w.org\/{rel}","templated":true}]}}