{"id":320418,"date":"2015-10-07T10:19:44","date_gmt":"2015-10-07T15:19:44","guid":{"rendered":"http:\/\/futboltotal.com.mx\/?p=320418"},"modified":"2015-10-07T10:22:19","modified_gmt":"2015-10-07T15:22:19","slug":"guardiola-con-ultimatum-en-bayern-munich","status":"publish","type":"post","link":"http:\/\/desarrollo.grupomedios.com\/futbol\/futbol-internacional\/guardiola-con-ultimatum-en-bayern-munich\/2015\/10","title":{"rendered":"Guardiola, con ultim\u00e1tum en Bayern M\u00fanich"},"content":{"rendered":"<p>Justo cuando el <strong>Bayern M\u00fanich<\/strong> atraviesa un arranque de temporada sublime en la que tras ocho jornadas han firmado el mejor arranque del club en la <strong>Bundesliga<\/strong>, el tema de la continuidad del t\u00e9cnico <strong>Josep Guardiola<\/strong> comienza a inquietar a los directivos del equipo.<\/p>\n<p>Y es que <em>Pep<\/em> no ha pasado por las oficinas de\u00a0<span class=\"st\">S\u00e4bener Stra\u00dfe para platicar con los dirigentes del club sobre la renovaci\u00f3n de su contrato, que vence en 2016.<\/span><\/p>\n<p><span class=\"st\"> El presidente del equipo, Franz Beckenbauer, se ha mostrado inquieto por la situaci\u00f3n, pues asegur\u00f3 que si el entrenador no muestra inter\u00e9s en negociar antes de que concluya este a\u00f1o, &#8220;el Bayern <\/span>debe dejar abierta la posibilidad de buscar candidatos&#8221;.<\/p>\n<p style=\"text-align: center;\"><strong><span style=\"color: #3366ff;\"><a style=\"color: #3366ff;\" href=\"http:\/\/futboltotal.com.mx\/futbol-internacional\/\">LEER M\u00c1S: Todas las noticias de futbol internacional<\/a><\/span><\/strong><\/p>\n<p><span class=\"st\">El club intent\u00f3 renovar a <strong>Guardiola<\/strong> al termino de la temporada pasada, pero el estratega posterg\u00f3 el acuerdo y le dio carpetazo. Ahora que falta menos de un a\u00f1o, el dirigente de los b\u00e1varos ha retomado el tema y confi\u00f3 en que &#8220;Pep <\/span>se decidir\u00e1 durante el 2015, antes de que acabe el a\u00f1o nos dir\u00e1 algo&#8221;, pues en caso contrario. &#8220;el equipo deberec empezar a buscarse la vida. Es una cuesti\u00f3n de deportividad&#8221;, apunt\u00f3.<\/p>\n<p>El Bayern quiere ampliar el contrato de <em>Pep<\/em> por al menos un par de temporadas m\u00e1s -el primer contrato lo firm\u00f3 por tres a\u00f1os- y anhela hacerlo para garantizar la estabilidad del equipo y la contiunidad del proyecto de portivo que planteraon en 2013. Karl Heinz Rummenigge, presidente ejecutivo del equipo conf\u00eda en que logren atarlo: &#8220;Nos ha dicho que se iba a reunir con nosotros en la segunda mitad de 2015, quedan algunos meses y tenemos que d\u00e1rselos\u201d.<\/p>\n","protected":false},"excerpt":{"rendered":"<p>Los alemanes buscar\u00edan el reemplazo del estratega si este sigue reacio a renovar <\/p>\n","protected":false},"author":20,"featured_media":320420,"comment_status":"open","ping_status":"open","sticky":false,"template":"","format":"standard","meta":[],"categories":[3839,5951],"tags":[2056,289,2497],"_links":{"self":[{"href":"http:\/\/desarrollo.grupomedios.com\/futbol\/wp-json\/wp\/v2\/posts\/320418"}],"collection":[{"href":"http:\/\/desarrollo.grupomedios.com\/futbol\/wp-json\/wp\/v2\/posts"}],"about":[{"href":"http:\/\/desarrollo.grupomedios.com\/futbol\/wp-json\/wp\/v2\/types\/post"}],"author":[{"embeddable":true,"href":"http:\/\/desarrollo.grupomedios.com\/futbol\/wp-json\/wp\/v2\/users\/20"}],"replies":[{"embeddable":true,"href":"http:\/\/desarrollo.grupomedios.com\/futbol\/wp-json\/wp\/v2\/comments?post=320418"}],"version-history":[{"count":0,"href":"http:\/\/desarrollo.grupomedios.com\/futbol\/wp-json\/wp\/v2\/posts\/320418\/revisions"}],"wp:featuredmedia":[{"embeddable":true,"href":"http:\/\/desarrollo.grupomedios.com\/futbol\/wp-json\/wp\/v2\/media\/320420"}],"wp:attachment":[{"href":"http:\/\/desarrollo.grupomedios.com\/futbol\/wp-json\/wp\/v2\/media?parent=320418"}],"wp:term":[{"taxonomy":"category","embeddable":true,"href":"http:\/\/desarrollo.grupomedios.com\/futbol\/wp-json\/wp\/v2\/categories?post=320418"},{"taxonomy":"post_tag","embeddable":true,"href":"http:\/\/desarrollo.grupomedios.com\/futbol\/wp-json\/wp\/v2\/tags?post=320418"}],"curies":[{"name":"wp","href":"https:\/\/api.w.org\/{rel}","templated":true}]}}