{"id":320469,"date":"2015-10-07T13:36:22","date_gmt":"2015-10-07T18:36:22","guid":{"rendered":"http:\/\/futboltotal.com.mx\/?p=320469"},"modified":"2015-10-07T23:40:31","modified_gmt":"2015-10-08T04:40:31","slug":"jorge-campos-trollea-a-diego-maradona","status":"publish","type":"post","link":"http:\/\/desarrollo.grupomedios.com\/futbol\/top-internacional-home\/jorge-campos-trollea-a-diego-maradona\/2015\/10","title":{"rendered":"Jorge Campos &#8216;trollea&#8217; a Diego Maradona"},"content":{"rendered":"<p>Ante el propuesto <strong>Mundial de Leyendas<\/strong> que se jugar\u00e1 en <strong>M\u00e9xico<\/strong>, se espera la confirmaci\u00f3n de figuras important\u00edsimas representando lo mejor de la historia de algunos de los pa\u00edses m\u00e1s importantes de este deporte. Entre esas figuras, se destaca que el argentino <strong>Diego Maradona<\/strong> pueda asistir, una idea que al exarquero mexicano Jorge Campos le parece dif\u00edcil por la edad del mediocampista\u00a0sudamericano.<\/p>\n<p style=\"text-align: center;\"><span style=\"color: #3366ff;\"><strong><a style=\"color: #3366ff;\" href=\"http:\/\/futboltotal.com.mx\/2015\/10\/mexico-sede-de-mundial-de-leyendas-en-2017\/\" target=\"_blank\">LEER M\u00c1S: Anuncian Mundial de Leyendas en M\u00e9xico para 2017<\/a><\/strong><\/span><\/p>\n<p><strong>&#8220;Quiero ver a Zinedine Zidane, David Beckham, el Ronaldo brasile\u00f1o,&#8221;<\/strong> dijo Campos. &#8220;Ya est\u00e1 muy viejo,&#8221; dijo el ahora comentarista deportivo entre risas al hablar de la posibilidad de Maradona.<\/p>\n<p>&#8220;Se trata de revivir la historia,&#8221; expres\u00f3 Tamer Al-Saoud, quien forma parte del comit\u00e9 organizador del torneo. &#8220;Tienes ni\u00f1os que ahora ven a Cristiano y Messi, pero les ense\u00f1as el excapit\u00e1n de Alemania, Lothar Matthaus, al Ronaldo original,&#8221; continu\u00f3.<\/p>\n<p>Entre otros, se espera la presencia de jugadores como <strong>Roberto Baggio (Italia), Ra\u00fal (Espa\u00f1a), Patrick Kluivert (Holanda), Gaizka Mendieta (Espa\u00f1a), y Rivaldo (Brasil).<\/strong><\/p>\n<p>Mendieta, as\u00ed como el argentino Juan Sebasti\u00e1n Ver\u00f3n, acompa\u00f1aron a Al-Saoud y a Jorge Campos en la conferencia de presentaci\u00f3n oficial del torneo desde Alemania.<\/p>\n<p><span style=\"color: #ff0000;\"><strong>VIDEO: Agenda de TV, Fecha FIFA<\/strong><\/span><\/p>\n<p>[video_player]https:\/\/player.vimeo.com\/external\/141601368.hd.mp4?s=ec91ba586ea6c237817b41356066c5bd&amp;profile_id=113[\/video_player]<\/p>\n","protected":false},"excerpt":{"rendered":"<p>El exarquero mexicano coment\u00f3 que el argentino ya estaba &#8220;muy viejo&#8221; para jugar<\/p>\n","protected":false},"author":20,"featured_media":320477,"comment_status":"open","ping_status":"open","sticky":false,"template":"","format":"standard","meta":[],"categories":[5951],"tags":[1465,2053],"_links":{"self":[{"href":"http:\/\/desarrollo.grupomedios.com\/futbol\/wp-json\/wp\/v2\/posts\/320469"}],"collection":[{"href":"http:\/\/desarrollo.grupomedios.com\/futbol\/wp-json\/wp\/v2\/posts"}],"about":[{"href":"http:\/\/desarrollo.grupomedios.com\/futbol\/wp-json\/wp\/v2\/types\/post"}],"author":[{"embeddable":true,"href":"http:\/\/desarrollo.grupomedios.com\/futbol\/wp-json\/wp\/v2\/users\/20"}],"replies":[{"embeddable":true,"href":"http:\/\/desarrollo.grupomedios.com\/futbol\/wp-json\/wp\/v2\/comments?post=320469"}],"version-history":[{"count":0,"href":"http:\/\/desarrollo.grupomedios.com\/futbol\/wp-json\/wp\/v2\/posts\/320469\/revisions"}],"wp:featuredmedia":[{"embeddable":true,"href":"http:\/\/desarrollo.grupomedios.com\/futbol\/wp-json\/wp\/v2\/media\/320477"}],"wp:attachment":[{"href":"http:\/\/desarrollo.grupomedios.com\/futbol\/wp-json\/wp\/v2\/media?parent=320469"}],"wp:term":[{"taxonomy":"category","embeddable":true,"href":"http:\/\/desarrollo.grupomedios.com\/futbol\/wp-json\/wp\/v2\/categories?post=320469"},{"taxonomy":"post_tag","embeddable":true,"href":"http:\/\/desarrollo.grupomedios.com\/futbol\/wp-json\/wp\/v2\/tags?post=320469"}],"curies":[{"name":"wp","href":"https:\/\/api.w.org\/{rel}","templated":true}]}}