{"id":320470,"date":"2015-10-07T13:37:57","date_gmt":"2015-10-07T18:37:57","guid":{"rendered":"http:\/\/futboltotal.com.mx\/?p=320470"},"modified":"2015-10-07T14:48:45","modified_gmt":"2015-10-07T19:48:45","slug":"fifa-suspende-a-joseph-blatter","status":"publish","type":"post","link":"http:\/\/desarrollo.grupomedios.com\/futbol\/futbol-internacional\/fifa-suspende-a-joseph-blatter\/2015\/10","title":{"rendered":"FIFA suspende a Joseph Blatter"},"content":{"rendered":"<p>El proceso penal que se aprob\u00f3 por parte de la justicia suiza sobre <strong>Joseph Blatter<\/strong>\u00a0ha comenzado a surtir efecto. Y es que la <strong>Comisi\u00f3n de \u00c9tica<\/strong> de la Federaci\u00f3n Internacional de Futbol Asociaci\u00f3n (<strong>FIFA<\/strong>) estar\u00eda por decretar una <strong>suspensi\u00f3n<\/strong> provisional de actividades para el a\u00fan presidente del organismo.<\/p>\n<p>De acuerdo con reportes emitidos por <em>Sky News<\/em> y la <em>BBC<\/em>, el castigo, que podr\u00eda darse a conocer el pr\u00f3ximo viernes, tendr\u00eda contemplando suspender a <strong>Blatter<\/strong>\u00a0de toda actividad referente a su cargo por un lapso de 90 d\u00edas (la sanci\u00f3n m\u00e1s grande en su tipo). Dicha decisi\u00f3n del <strong>Comit\u00e9 de \u00c9tica<\/strong>, tendr\u00eda que ser aprobada por el juez Hans-Joachim Eckert, integrante del mismo.<\/p>\n<p style=\"text-align: center;\"><strong><span style=\"color: #3366ff;\"><a style=\"color: #3366ff;\" href=\"http:\/\/futboltotal.com.mx\/futbol-internacional\/\">LEER M\u00c1S: Toda la informaci\u00f3n del futbol internacional<\/a><\/span><\/strong><\/p>\n<p>La determinaci\u00f3n de la sanci\u00f3n deriva de las investigaciones de la justicia suiza, instancia que\u00a0abri\u00f3 un proceso penal en contra de<em>\u00a0<\/em><strong>Blatter<\/strong> por supuestos pagos irregulares hacia la persona de <strong>Michael Platini<\/strong> en el 2011, los cuales rondan los dos millones de francos suizos.<\/p>\n<p>Cabe recordar que <strong>Joseph Blatter<\/strong> ha estado inmiscuido en esc\u00e1ndalos de <strong>corrupci\u00f3n<\/strong> dentro de la <strong>FIFA<\/strong> en este 2015, dicho evento ya ha puesto ante la justicia a varios elementos del organismo, adem\u00e1s de obligar a buscar un sucesor para el cargo de <em>Sepp<\/em>. La elecci\u00f3n del nuevo presidente se dar\u00e1 el pr\u00f3ximo 26 de febrero.<\/p>\n","protected":false},"excerpt":{"rendered":"<p>El a\u00fan presidente de la FIFA quedar\u00eda inactivo por 90 d\u00edas<\/p>\n","protected":false},"author":20,"featured_media":320474,"comment_status":"open","ping_status":"open","sticky":false,"template":"","format":"standard","meta":[],"categories":[3839],"tags":[6243,1097,361,752],"_links":{"self":[{"href":"http:\/\/desarrollo.grupomedios.com\/futbol\/wp-json\/wp\/v2\/posts\/320470"}],"collection":[{"href":"http:\/\/desarrollo.grupomedios.com\/futbol\/wp-json\/wp\/v2\/posts"}],"about":[{"href":"http:\/\/desarrollo.grupomedios.com\/futbol\/wp-json\/wp\/v2\/types\/post"}],"author":[{"embeddable":true,"href":"http:\/\/desarrollo.grupomedios.com\/futbol\/wp-json\/wp\/v2\/users\/20"}],"replies":[{"embeddable":true,"href":"http:\/\/desarrollo.grupomedios.com\/futbol\/wp-json\/wp\/v2\/comments?post=320470"}],"version-history":[{"count":0,"href":"http:\/\/desarrollo.grupomedios.com\/futbol\/wp-json\/wp\/v2\/posts\/320470\/revisions"}],"wp:featuredmedia":[{"embeddable":true,"href":"http:\/\/desarrollo.grupomedios.com\/futbol\/wp-json\/wp\/v2\/media\/320474"}],"wp:attachment":[{"href":"http:\/\/desarrollo.grupomedios.com\/futbol\/wp-json\/wp\/v2\/media?parent=320470"}],"wp:term":[{"taxonomy":"category","embeddable":true,"href":"http:\/\/desarrollo.grupomedios.com\/futbol\/wp-json\/wp\/v2\/categories?post=320470"},{"taxonomy":"post_tag","embeddable":true,"href":"http:\/\/desarrollo.grupomedios.com\/futbol\/wp-json\/wp\/v2\/tags?post=320470"}],"curies":[{"name":"wp","href":"https:\/\/api.w.org\/{rel}","templated":true}]}}