{"id":320499,"date":"2015-10-07T15:50:56","date_gmt":"2015-10-07T20:50:56","guid":{"rendered":"http:\/\/futboltotal.com.mx\/?p=320499"},"modified":"2015-10-07T15:50:56","modified_gmt":"2015-10-07T20:50:56","slug":"vergara-quisiera-evitar-que-fuentes-vaya-a-prision","status":"publish","type":"post","link":"http:\/\/desarrollo.grupomedios.com\/futbol\/futbol-mexicano\/vergara-quisiera-evitar-que-fuentes-vaya-a-prision\/2015\/10","title":{"rendered":"Vergara quisiera evitar que Fuentes vaya a prisi\u00f3n"},"content":{"rendered":"<p>La pol\u00e9mica extra cancha en <strong><a href=\"http:\/\/www.futboltotal.com.mx\/equipos\/guadalajara\/\" target=\"_blank\">Chivas<\/a><\/strong> contin\u00faa, y es que ahora, los abogados de<strong> Jorge Vergara<\/strong>, aseguran que la orden de aprehensi\u00f3n contra <strong>Ang\u00e9lica Fuentes<\/strong> debe mantenerse vigente, por las investigaciones que hay sobre la ex esposa del due\u00f1o del <em>Reba\u00f1o Sagrado<\/em>, lo que la mantiene como una pr\u00f3fuga de la justicia. Pese a ello, el empresario estar\u00eda dispuesto a negociar con ella para que evite ir a prisi\u00f3n.<\/p>\n<p>El juez Efra\u00edn L\u00f3pez Ram\u00edrez, quien orquest\u00f3<a href=\"http:\/\/futboltotal.com.mx\/2015\/10\/ordenan-la-aprehension-de-angelica-fuentes-por-fraude\/\" target=\"_blank\"> la acci\u00f3n en contra de <strong>Ang\u00e9lica Fuentes<\/strong><\/a>, fue removido de su cargo durante el pasado martes 6 de octubre; pese a ello, V\u00edctor Manuel Pe\u00f1a, quien encabeza a los abogados de <strong>Jorge Vergara<\/strong>, se\u00f1ala que la orden no puede perder vigencia.<\/p>\n<p>&#8220;Es ilegal separar al juez de sus funciones y eso en nada impide que siga la orden de aprehensi\u00f3n, sigue el proceso contra Fuentes&#8221;, explic\u00f3 el abogado de <strong>Jorge Vergara.<\/strong><\/p>\n<p>Adem\u00e1s, V\u00edctor Manuel Pe\u00f1a Brise\u00f1o, agrega que la validez de la petici\u00f3n no pierde efecto, pese al cese del juez; y por esa misma circunstancia, Ang\u00e9lica Fuentes no podr\u00eda buscar un amparo.<\/p>\n<p style=\"text-align: center;\"><span style=\"color: #3366ff;\"><strong><a style=\"color: #3366ff;\" href=\"http:\/\/futboltotal.com.mx\/2015\/10\/jorge-vergara-temia-por-su-vida-con-angelica-fuentes\/\" target=\"_blank\">LEER M\u00c1S: Jorge Vergara tem\u00eda por su vida con Ang\u00e9lica Fuentes<\/a><\/strong><\/span><\/p>\n<p>&#8220;Fuentes no tiene acceso al amparo, porque es delito grave. Ang\u00e9lica ahora es pr\u00f3fuga de la justicia&#8221;, sentenci\u00f3 el abogado.<\/p>\n<p>A su vez, <strong>Jorge Vergara<\/strong> explic\u00f3 en una entrevista para <em>Radio F\u00f3rmula<\/em>, que su ex esposa se habr\u00eda negado a negociar con \u00e9l, para que evite la prisi\u00f3n. &#8220;No quisiera ver en la c\u00e1rcel a <strong>Ang\u00e9lica Fuentes<\/strong>, quiero negociar con ella, pero no se ha podido. Estoy dispuesto a sacrificar muchas cosas&#8221;, se\u00f1al\u00f3 el due\u00f1o de<strong> Chivas<\/strong>.<\/p>\n<p><span style=\"color: #ff0000;\"><strong>VIDEO: Agenda TV | Fecha FIFA<\/strong><\/span><br \/>\n[video_player]https:\/\/player.vimeo.com\/external\/141601368.hd.mp4?s=ec91ba586ea6c237817b41356066c5bd&amp;profile_id=113[\/video_player]<\/p>\n","protected":false},"excerpt":{"rendered":"<p>Pese a que la orden de aprehensi\u00f3n es vigente, Jorge est\u00e1 dispuesto a negociar con ella<\/p>\n","protected":false},"author":20,"featured_media":320529,"comment_status":"open","ping_status":"open","sticky":false,"template":"","format":"standard","meta":[],"categories":[5419,2198,5418],"tags":[2314,243],"_links":{"self":[{"href":"http:\/\/desarrollo.grupomedios.com\/futbol\/wp-json\/wp\/v2\/posts\/320499"}],"collection":[{"href":"http:\/\/desarrollo.grupomedios.com\/futbol\/wp-json\/wp\/v2\/posts"}],"about":[{"href":"http:\/\/desarrollo.grupomedios.com\/futbol\/wp-json\/wp\/v2\/types\/post"}],"author":[{"embeddable":true,"href":"http:\/\/desarrollo.grupomedios.com\/futbol\/wp-json\/wp\/v2\/users\/20"}],"replies":[{"embeddable":true,"href":"http:\/\/desarrollo.grupomedios.com\/futbol\/wp-json\/wp\/v2\/comments?post=320499"}],"version-history":[{"count":0,"href":"http:\/\/desarrollo.grupomedios.com\/futbol\/wp-json\/wp\/v2\/posts\/320499\/revisions"}],"wp:featuredmedia":[{"embeddable":true,"href":"http:\/\/desarrollo.grupomedios.com\/futbol\/wp-json\/wp\/v2\/media\/320529"}],"wp:attachment":[{"href":"http:\/\/desarrollo.grupomedios.com\/futbol\/wp-json\/wp\/v2\/media?parent=320499"}],"wp:term":[{"taxonomy":"category","embeddable":true,"href":"http:\/\/desarrollo.grupomedios.com\/futbol\/wp-json\/wp\/v2\/categories?post=320499"},{"taxonomy":"post_tag","embeddable":true,"href":"http:\/\/desarrollo.grupomedios.com\/futbol\/wp-json\/wp\/v2\/tags?post=320499"}],"curies":[{"name":"wp","href":"https:\/\/api.w.org\/{rel}","templated":true}]}}