{"id":320596,"date":"2015-10-07T18:13:46","date_gmt":"2015-10-07T23:13:46","guid":{"rendered":"http:\/\/futboltotal.com.mx\/?p=320596"},"modified":"2015-10-07T18:18:21","modified_gmt":"2015-10-07T23:18:21","slug":"corona-y-preparador-fisico-sin-resentimientos","status":"publish","type":"post","link":"http:\/\/desarrollo.grupomedios.com\/futbol\/futbol-mexicano\/corona-y-preparador-fisico-sin-resentimientos\/2015\/10","title":{"rendered":"Corona y preparador f\u00edsico, sin resentimientos"},"content":{"rendered":"<p>El guardameta de <strong><a href=\"http:\/\/www.futboltotal.com.mx\/equipos\/cruz-azul\/\" target=\"_blank\">Cruz Azul<\/a><\/strong>, <strong>Jes\u00fas Corona<\/strong>, asegura que ya hizo las pases con <strong>\u00c1lvaro Mart\u00edn<\/strong>, con quien tuvo un altercado en la Liguilla del Clausura 2011, donde la <em>M\u00e1quina<\/em> y <a href=\"http:\/\/www.futboltotal.com.mx\/equipos\/morelia\/\" target=\"_blank\"><strong>Morelia<\/strong><\/a> se enfrentaron. El preparador f\u00edsico ahora trabaja con <em>Chuy<\/em>, tras la llegada de <strong>Tom\u00e1s Boy<\/strong> al banquillo <em>celeste<\/em>.<\/p>\n<p>La cercan\u00eda deportiva que ahora tienen <strong>Jes\u00fas Corona<\/strong> y <strong>\u00c1lvaro Mart\u00edn<\/strong>, les permiti\u00f3 hablar y cerciorarse de que aquel episodio donde el cancerbero le dio un cabezazo al preparador f\u00edsico que trabajaba en <strong>Morelia<\/strong> en 2011, ha quedado en el pasado.<\/p>\n<p><a href=\"http:\/\/futboltotal.com.mx\/wp-content\/uploads\/2015\/10\/cabezazo-jesus-corona.jpg\"><img decoding=\"async\" loading=\"lazy\" class=\"aligncenter wp-image-320603 size-full\" src=\"http:\/\/futboltotal.com.mx\/wp-content\/uploads\/2015\/10\/cabezazo-jesus-corona.jpg\" alt=\"cabezazo-jesus-corona\" srcset=\"http:\/\/desarrollo.grupomedios.com\/futbol\/wp-content\/uploads\/2015\/10\/cabezazo-jesus-corona.jpg 910w, http:\/\/desarrollo.grupomedios.com\/futbol\/wp-content\/uploads\/2015\/10\/cabezazo-jesus-corona-300x115.jpg 300w\" sizes=\"(max-width: 910px) 100vw, 910px\" \/><\/a><\/p>\n<p>&#8220;Tarde o temprano te encuentras con un t\u00e9cnico con el cual tuviste diferencias, pero se cierra ese cap\u00edtulo y as\u00ed lo habl\u00e9 con Mart\u00edn y es como \u00e9l me lo dijo, vamos a sumar y a ponernos a trabajar. Queda olvidado totalmente, somos profesionales y se aprendi\u00f3 y se necesita ahora de la unidad&#8221;, revel\u00f3 <strong>Jos\u00e9 de Jes\u00fas Corona<\/strong>.<\/p>\n<p>El cancerbero sabe que hubo diferencias con el preparador f\u00edsico y con <strong>Tom\u00e1s Boy<\/strong> en su momento; no obstante, ambas partes son profesionales, por lo que miran ahora por el prvenir de <strong>Cruz Azul<\/strong> en la <strong><a href=\"http:\/\/www.futboltotal.com.mx\/futbol-mexicano\/\" target=\"_blank\">Liga MX<\/a><\/strong>; pese a ello, reconoce que a\u00fan no tiene una charla con el Jefe, al respecto.<\/p>\n<p>&#8220;No he tenido la oportunidad de platicar con \u00e9l, pero no hay problema con lo ocurrido, \u00e9l lo sabe y uno reconoce que hubo diferencias deportivas y se arreglaron. Ahora es otra situaci\u00f3n y otro momento. Est\u00e1 de nuestro lado y a cooperar en todo lo que se pueda. Estamos con las ganas de sacar esta situaci\u00f3n adelante. Sabe que necesita de nuestra parte y trabajaremos con la gente que lo acompa\u00f1a&#8221;, sentenci\u00f3 <strong>Jes\u00fas Corona<\/strong>.<\/p>\n<p><span style=\"color: #ff0000;\"><strong>VIDEO: Agenda TV | Fecha FIFA<\/strong><\/span><br \/>\n[video_player]https:\/\/player.vimeo.com\/external\/141601368.hd.mp4?s=ec91ba586ea6c237817b41356066c5bd&amp;profile_id=113[\/video_player]<\/p>\n","protected":false},"excerpt":{"rendered":"<p>Chuy y \u00c1lvaro Mart\u00edn, hicieron las pases, luego de la pelea que tuvieron en 2011<\/p>\n","protected":false},"author":20,"featured_media":320606,"comment_status":"open","ping_status":"open","sticky":false,"template":"","format":"standard","meta":[],"categories":[2198,3845,5950],"tags":[5962,5443],"_links":{"self":[{"href":"http:\/\/desarrollo.grupomedios.com\/futbol\/wp-json\/wp\/v2\/posts\/320596"}],"collection":[{"href":"http:\/\/desarrollo.grupomedios.com\/futbol\/wp-json\/wp\/v2\/posts"}],"about":[{"href":"http:\/\/desarrollo.grupomedios.com\/futbol\/wp-json\/wp\/v2\/types\/post"}],"author":[{"embeddable":true,"href":"http:\/\/desarrollo.grupomedios.com\/futbol\/wp-json\/wp\/v2\/users\/20"}],"replies":[{"embeddable":true,"href":"http:\/\/desarrollo.grupomedios.com\/futbol\/wp-json\/wp\/v2\/comments?post=320596"}],"version-history":[{"count":0,"href":"http:\/\/desarrollo.grupomedios.com\/futbol\/wp-json\/wp\/v2\/posts\/320596\/revisions"}],"wp:featuredmedia":[{"embeddable":true,"href":"http:\/\/desarrollo.grupomedios.com\/futbol\/wp-json\/wp\/v2\/media\/320606"}],"wp:attachment":[{"href":"http:\/\/desarrollo.grupomedios.com\/futbol\/wp-json\/wp\/v2\/media?parent=320596"}],"wp:term":[{"taxonomy":"category","embeddable":true,"href":"http:\/\/desarrollo.grupomedios.com\/futbol\/wp-json\/wp\/v2\/categories?post=320596"},{"taxonomy":"post_tag","embeddable":true,"href":"http:\/\/desarrollo.grupomedios.com\/futbol\/wp-json\/wp\/v2\/tags?post=320596"}],"curies":[{"name":"wp","href":"https:\/\/api.w.org\/{rel}","templated":true}]}}