{"id":320673,"date":"2015-10-07T21:30:20","date_gmt":"2015-10-08T02:30:20","guid":{"rendered":"http:\/\/futboltotal.com.mx\/?p=320673"},"modified":"2015-10-07T21:30:20","modified_gmt":"2015-10-08T02:30:20","slug":"brutal-cabezazo-sobre-marco-bueno","status":"publish","type":"post","link":"http:\/\/desarrollo.grupomedios.com\/futbol\/videos\/brutal-cabezazo-sobre-marco-bueno\/2015\/10","title":{"rendered":"Brutal cabezazo sobre Marco Bueno"},"content":{"rendered":"<p>Reci\u00e9n se disputaba el primer minuto del partido entre las selecciones <strong>Sub-22 de M\u00e9xico<\/strong> y<strong> Honduras<\/strong>, dentro del <strong>Preol\u00edmpico de la CONCACAF<\/strong>, cuando el \u00e1rbitro expuls\u00f3 al joven hondure\u00f1o <strong>Allan Vargas<\/strong>\u00a0por un cabezazo sobre el rostro del delantero mexicano <strong>Marco Bueno<\/strong>.<\/p>\n<p><iframe loading=\"lazy\" src=\"https:\/\/vine.co\/v\/e0z1iJbXaDd\/embed\/simple\" frameborder=\"0\"><\/iframe><script src=\"https:\/\/platform.vine.co\/static\/scripts\/embed.js\"><\/script><\/p>\n<p>Y aunque en una primera repetici\u00f3n en televisi\u00f3n no se apreci\u00f3 la pol\u00e9mica acci\u00f3n, una segunda toma evidenci\u00f3 la agresi\u00f3n del <strong>Allan Vargas<\/strong> contra <strong>Marco Bueno<\/strong>, situaci\u00f3n que dej\u00f3 en inferioridad num\u00e9rica al combinado <em>catracho<\/em>.<\/p>\n<p><strong>M\u00e9xico<\/strong> y <strong>Honduras<\/strong>, clasificados a las semifinales del torneo que otorga dos plazas directas a los pr\u00f3ximos Juegos Ol\u00edmpicos, juegan por el liderato del Grupo B.<\/p>\n","protected":false},"excerpt":{"rendered":"<p>El joven hondure\u00f1o Allan Vargas se fue expulsado en el primer minuto del partido<\/p>\n","protected":false},"author":20,"featured_media":320678,"comment_status":"open","ping_status":"open","sticky":false,"template":"","format":"standard","meta":[],"categories":[3847,4],"tags":[5949,6220,5979,6248],"_links":{"self":[{"href":"http:\/\/desarrollo.grupomedios.com\/futbol\/wp-json\/wp\/v2\/posts\/320673"}],"collection":[{"href":"http:\/\/desarrollo.grupomedios.com\/futbol\/wp-json\/wp\/v2\/posts"}],"about":[{"href":"http:\/\/desarrollo.grupomedios.com\/futbol\/wp-json\/wp\/v2\/types\/post"}],"author":[{"embeddable":true,"href":"http:\/\/desarrollo.grupomedios.com\/futbol\/wp-json\/wp\/v2\/users\/20"}],"replies":[{"embeddable":true,"href":"http:\/\/desarrollo.grupomedios.com\/futbol\/wp-json\/wp\/v2\/comments?post=320673"}],"version-history":[{"count":0,"href":"http:\/\/desarrollo.grupomedios.com\/futbol\/wp-json\/wp\/v2\/posts\/320673\/revisions"}],"wp:featuredmedia":[{"embeddable":true,"href":"http:\/\/desarrollo.grupomedios.com\/futbol\/wp-json\/wp\/v2\/media\/320678"}],"wp:attachment":[{"href":"http:\/\/desarrollo.grupomedios.com\/futbol\/wp-json\/wp\/v2\/media?parent=320673"}],"wp:term":[{"taxonomy":"category","embeddable":true,"href":"http:\/\/desarrollo.grupomedios.com\/futbol\/wp-json\/wp\/v2\/categories?post=320673"},{"taxonomy":"post_tag","embeddable":true,"href":"http:\/\/desarrollo.grupomedios.com\/futbol\/wp-json\/wp\/v2\/tags?post=320673"}],"curies":[{"name":"wp","href":"https:\/\/api.w.org\/{rel}","templated":true}]}}