{"id":320701,"date":"2015-10-07T22:34:01","date_gmt":"2015-10-08T03:34:01","guid":{"rendered":"http:\/\/futboltotal.com.mx\/?p=320701"},"modified":"2015-10-07T22:40:45","modified_gmt":"2015-10-08T03:40:45","slug":"preolimpico-concacaf-definidas-semifinales","status":"publish","type":"post","link":"http:\/\/desarrollo.grupomedios.com\/futbol\/futbol-mexicano\/seleccion-mexicana\/preolimpico-concacaf-definidas-semifinales\/2015\/10","title":{"rendered":"Preol\u00edmpico CONCACAF | Definidas semifinales"},"content":{"rendered":"<p>La<strong> selecci\u00f3n Sub-22 de M\u00e9xico<\/strong> se medir\u00e1 a su similar de <strong>Canad\u00e1<\/strong> en las semifinales del <strong>Preol\u00edmpico<\/strong>\u00a0de la <strong>CONCACAF<\/strong>, instancia donde estar\u00e1 en juego uno de los dos boletos a los pr\u00f3ximo <strong>Juegos Ol\u00edmpicos<\/strong>. El otro pasaporte lo disputar\u00e1 el combinado juvenil de <strong>Estados Unidos<\/strong> ante <strong>Honduras<\/strong>.<\/p>\n<p><strong><a href=\"http:\/\/futboltotal.com.mx\/futbol-mexicano\/seleccion-mexicana\/\">M\u00e9xico<\/a><\/strong>\u00a0se medir\u00e1 ante <strong>Canad\u00e1<\/strong> el pr\u00f3ximo s\u00e1bado a las 17:00 horas en el\u00a0<em>Rio Tinto Stadium<\/em>\u00a0de\u00a0Utah, en\u00a0<strong>Estados Unidos<\/strong>. En tanto, el cuadro estadounidense chocar\u00e1 ante los hondure\u00f1os ese mismo\u00a0d\u00eda a las 14:00 horas en id\u00e9ntico\u00a0inmueble.<\/p>\n<p style=\"text-align: center;\"><strong><span style=\"color: #3366ff;\"><a style=\"color: #3366ff;\" href=\"http:\/\/futboltotal.com.mx\/2015\/10\/brutal-cabezazo-sobre-marco-bueno\/\">VER M\u00c1S: Video | Brutal cabezazo sobre Marco Bueno<\/a><\/span><\/strong><\/p>\n<p>A las semifinales del <strong>Preol\u00edmpico<\/strong>\u00a0de la\u00a0<strong>CONCACAF<\/strong>\u00a0avanzaron los\u00a0dos mejores de los dos\u00a0grupos; se enfrentan el primer lugar de Grupo A (<strong>Estados Unidos<\/strong>) contra segundo del B (<strong>Honduras<\/strong>), y viceversa (<strong>M\u00e9xico<\/strong> contra <strong>Canad\u00e1<\/strong>),\u00a0para definir a los ganadores de los\u00a0<strong>dos boletos directos<\/strong>\u00a0a los\u00a0<strong>Juegos Ol\u00edmpicos<\/strong> de<strong> R\u00edo de Janeiro 2016<\/strong>. El partido por el\u00a0<strong>tercer lugar<\/strong>\u00a0definir\u00e1 al rival por el boleto v\u00eda\u00a0<strong>Repechaje<\/strong>\u00a0ante la selecci\u00f3n de\u00a0<strong>Colombia<\/strong>.<\/p>\n<p>La\u00a0<strong>Selecci\u00f3n Mexicana<\/strong>\u00a0tiene la obligaci\u00f3n de pasar a la Gran Final, tanto por ser el\u00a0<strong>vigente\u00a0campe\u00f3n\u00a0ol\u00edmpico<\/strong>\u00a0como por ser comandada por\u00a0<strong>Ra\u00fal Guti\u00e9rrez<\/strong>, campe\u00f3n con la Selecci\u00f3n Sub-17 en el 2011.<\/p>\n<p><a href=\"http:\/\/futboltotal.com.mx\/2015\/10\/en-vivo-mexico-vs-honduras-preolimpico\/\"><strong>AS\u00cd SE VIVI\u00d3<\/strong> | <strong>M\u00e9xico 2-1 Honduras<\/strong> | Revive las mejores acciones del partido<\/a><\/p>\n","protected":false},"excerpt":{"rendered":"<p>M\u00e9xico se medir\u00e1 ante Canad\u00e1 en busca de uno de los dos boletos a R\u00edo 2016<\/p>\n","protected":false},"author":20,"featured_media":320713,"comment_status":"open","ping_status":"open","sticky":false,"template":"","format":"standard","meta":[],"categories":[3847,5950],"tags":[5949,6220,5979],"_links":{"self":[{"href":"http:\/\/desarrollo.grupomedios.com\/futbol\/wp-json\/wp\/v2\/posts\/320701"}],"collection":[{"href":"http:\/\/desarrollo.grupomedios.com\/futbol\/wp-json\/wp\/v2\/posts"}],"about":[{"href":"http:\/\/desarrollo.grupomedios.com\/futbol\/wp-json\/wp\/v2\/types\/post"}],"author":[{"embeddable":true,"href":"http:\/\/desarrollo.grupomedios.com\/futbol\/wp-json\/wp\/v2\/users\/20"}],"replies":[{"embeddable":true,"href":"http:\/\/desarrollo.grupomedios.com\/futbol\/wp-json\/wp\/v2\/comments?post=320701"}],"version-history":[{"count":0,"href":"http:\/\/desarrollo.grupomedios.com\/futbol\/wp-json\/wp\/v2\/posts\/320701\/revisions"}],"wp:featuredmedia":[{"embeddable":true,"href":"http:\/\/desarrollo.grupomedios.com\/futbol\/wp-json\/wp\/v2\/media\/320713"}],"wp:attachment":[{"href":"http:\/\/desarrollo.grupomedios.com\/futbol\/wp-json\/wp\/v2\/media?parent=320701"}],"wp:term":[{"taxonomy":"category","embeddable":true,"href":"http:\/\/desarrollo.grupomedios.com\/futbol\/wp-json\/wp\/v2\/categories?post=320701"},{"taxonomy":"post_tag","embeddable":true,"href":"http:\/\/desarrollo.grupomedios.com\/futbol\/wp-json\/wp\/v2\/tags?post=320701"}],"curies":[{"name":"wp","href":"https:\/\/api.w.org\/{rel}","templated":true}]}}