{"id":320742,"date":"2015-10-07T23:16:54","date_gmt":"2015-10-08T04:16:54","guid":{"rendered":"http:\/\/futboltotal.com.mx\/?p=320742"},"modified":"2015-10-08T13:38:01","modified_gmt":"2015-10-08T18:38:01","slug":"alfredo-talavera-portero-titular-ante-eu","status":"publish","type":"post","link":"http:\/\/desarrollo.grupomedios.com\/futbol\/futbol-mexicano\/seleccion-mexicana\/alfredo-talavera-portero-titular-ante-eu\/2015\/10","title":{"rendered":"Alfredo Talavera, portero titular ante EU"},"content":{"rendered":"<p>En encuesta realizada por <strong>Futbol Total<\/strong> para elegir al portero\u00a0que debe ser el titular de la <a href=\"http:\/\/www.futboltotal.com.mx\/futbol-mexicano\/seleccion-mexicana\/\" target=\"_blank\"><strong>Selecci\u00f3n Mexicana<\/strong><\/a> para enfrentar a <strong>Estados Unidos<\/strong> el pr\u00f3ximo 10 de octubre, los <em>cracks<\/em>\u00a0opinaron que el m\u00e1s adecuado para defender los tres palos es <strong>Alfredo Talavera<\/strong>.<\/p>\n<p>El arquero de <strong><a href=\"http:\/\/www.futboltotal.com.mx\/equipos\/toluca\/\" target=\"_blank\">Toluca<\/a><\/strong> ha sido uno de los m\u00e1s efectivos y espectaculares en las \u00faltimas\u00a0temporadas en la <a href=\"http:\/\/www.futboltotal.com.mx\/futbol-mexicano\/\" target=\"_blank\"><strong>Liga MX<\/strong><\/a>. Es un jugador que rara vez cae en malas rachas,\u00a0tiene bueno reflejos y domina correctamente el juego a\u00e9reo, que es donde supera a sus compa\u00f1eros, <strong>Mois\u00e9s Mu\u00f1oz<\/strong> y <strong>Jonathan Orozco<\/strong>.<\/p>\n<p>Ante Trinidad y Tobago, el partido donde Ricardo Ferretti lo utiliz\u00f3, <strong>Alfredo Talavera<\/strong> demostr\u00f3 su buen juego a\u00e9reo; sin embargo, le falt\u00f3 conjunci\u00f3n con su defensa y esa falta de orden gener\u00f3 opciones claras para los caribe\u00f1os.<\/p>\n<p>As\u00ed qued\u00f3 la <strong><a href=\"http:\/\/futboltotal.com.mx\/2015\/10\/encuesta-ft-quien-sera-el-portero-del-mexico-ante-eu\/\" target=\"_blank\">Encuesta FT<\/a><\/strong>, para definir al guardameta titular del la<strong> Selecci\u00f3n Mexicana<\/strong>, donde los <em>cracks<\/em> eligieron a <strong>Alfreto Talavera<\/strong>.<\/p>\n<p><a href=\"http:\/\/futboltotal.com.mx\/wp-content\/uploads\/2015\/10\/ENCUESTA_PORTERO_MEXICO_ESTADOS_UNIDOS.jpg\"><img decoding=\"async\" loading=\"lazy\" class=\"aligncenter wp-image-320753 size-full\" src=\"http:\/\/futboltotal.com.mx\/wp-content\/uploads\/2015\/10\/ENCUESTA_PORTERO_MEXICO_ESTADOS_UNIDOS.jpg\" alt=\"ENCUESTA_PORTERO_MEXICO_ESTADOS_UNIDOS\" srcset=\"http:\/\/desarrollo.grupomedios.com\/futbol\/wp-content\/uploads\/2015\/10\/ENCUESTA_PORTERO_MEXICO_ESTADOS_UNIDOS.jpg 800w, http:\/\/desarrollo.grupomedios.com\/futbol\/wp-content\/uploads\/2015\/10\/ENCUESTA_PORTERO_MEXICO_ESTADOS_UNIDOS-300x268.jpg 300w\" sizes=\"(max-width: 800px) 100vw, 800px\" \/><\/a><\/p>\n","protected":false},"excerpt":{"rendered":"<p>Los usuarios de Futbol Total eligieron al cancerbero del Tri<\/p>\n","protected":false},"author":20,"featured_media":320756,"comment_status":"open","ping_status":"open","sticky":false,"template":"","format":"standard","meta":[],"categories":[3847,5950],"tags":[1617,5979],"_links":{"self":[{"href":"http:\/\/desarrollo.grupomedios.com\/futbol\/wp-json\/wp\/v2\/posts\/320742"}],"collection":[{"href":"http:\/\/desarrollo.grupomedios.com\/futbol\/wp-json\/wp\/v2\/posts"}],"about":[{"href":"http:\/\/desarrollo.grupomedios.com\/futbol\/wp-json\/wp\/v2\/types\/post"}],"author":[{"embeddable":true,"href":"http:\/\/desarrollo.grupomedios.com\/futbol\/wp-json\/wp\/v2\/users\/20"}],"replies":[{"embeddable":true,"href":"http:\/\/desarrollo.grupomedios.com\/futbol\/wp-json\/wp\/v2\/comments?post=320742"}],"version-history":[{"count":0,"href":"http:\/\/desarrollo.grupomedios.com\/futbol\/wp-json\/wp\/v2\/posts\/320742\/revisions"}],"wp:featuredmedia":[{"embeddable":true,"href":"http:\/\/desarrollo.grupomedios.com\/futbol\/wp-json\/wp\/v2\/media\/320756"}],"wp:attachment":[{"href":"http:\/\/desarrollo.grupomedios.com\/futbol\/wp-json\/wp\/v2\/media?parent=320742"}],"wp:term":[{"taxonomy":"category","embeddable":true,"href":"http:\/\/desarrollo.grupomedios.com\/futbol\/wp-json\/wp\/v2\/categories?post=320742"},{"taxonomy":"post_tag","embeddable":true,"href":"http:\/\/desarrollo.grupomedios.com\/futbol\/wp-json\/wp\/v2\/tags?post=320742"}],"curies":[{"name":"wp","href":"https:\/\/api.w.org\/{rel}","templated":true}]}}