{"id":320903,"date":"2015-10-08T15:18:55","date_gmt":"2015-10-08T20:18:55","guid":{"rendered":"http:\/\/futboltotal.com.mx\/?p=320903"},"modified":"2015-10-08T17:20:38","modified_gmt":"2015-10-08T22:20:38","slug":"oficial-jurgen-klopp-nuevo-dt-del-liverpool","status":"publish","type":"post","link":"http:\/\/desarrollo.grupomedios.com\/futbol\/futbol-internacional\/oficial-jurgen-klopp-nuevo-dt-del-liverpool\/2015\/10","title":{"rendered":"OFICIAL: J\u00fcrgen Klopp, nuevo DT del Liverpool"},"content":{"rendered":"<p>OFICIAL:\u00a0<strong>J\u00fcrgen Klopp<\/strong>\u00a0es nuevo director t\u00e9cnico del <strong>Liverpool<\/strong>. Este jueves, el entrenador alem\u00e1n firm\u00f3 contrato por tres temporadas con los <em>Reds<\/em>.<\/p>\n<blockquote class=\"twitter-tweet\" lang=\"es\">\n<p dir=\"ltr\" lang=\"en\">It&#8217;s official \u2013 J\u00fcrgen Klopp is the new manager of Liverpool Football Club <a href=\"https:\/\/twitter.com\/hashtag\/KloppLFC?src=hash\">#KloppLFC<\/a> <a href=\"http:\/\/t.co\/QfAxM9sT97\">pic.twitter.com\/QfAxM9sT97<\/a><\/p>\n<p>\u2014 Liverpool FC (@LFC) <a href=\"https:\/\/twitter.com\/LFC\/status\/652211371719950336\">octubre 8, 2015<\/a><\/p><\/blockquote>\n<p><script src=\"\/\/platform.twitter.com\/widgets.js\" async=\"\" charset=\"utf-8\"><\/script>La directiva del <strong>Liverpool<\/strong>\u00a0apunt\u00f3 que <strong>J\u00fcrgen Klopp<\/strong>, quien\u00a0ser\u00e1 el entrenador n\u00famero 20 en la historia del club\u00a0<em>escarlata<\/em>,\u00a0ser\u00e1 presentado en Anfield este viernes. <\/p>\n<blockquote class=\"twitter-tweet\" lang=\"es\"><p>Here&#8217;s the moment J\u00fcrgen Klopp put pen to paper <a href=\"https:\/\/twitter.com\/hashtag\/KloppLFC?src=hash\">#KloppLFC<\/a> <a href=\"https:\/\/t.co\/Yvb6kQ9KtB\">https:\/\/t.co\/Yvb6kQ9KtB<\/a> \u2014 Liverpool FC (@LFC) <a href=\"https:\/\/twitter.com\/LFC\/status\/652214132880510976\">octubre 8, 2015<\/a><\/p><\/blockquote>\n<p><script src=\"\/\/platform.twitter.com\/widgets.js\" async=\"\" charset=\"utf-8\"><\/script><\/p>\n<p><strong>J\u00fcrgen Klopp <\/strong>dej\u00f3 su cargo de director t\u00e9cnico en el\u00a0<strong>Borussia Dortmud<\/strong>\u00a0a finales de la temporada pasada y ten\u00eda contemplado estar fuera de actividad al menos un a\u00f1o; sin embargo, este jueves se confirm\u00f3 que\u00a0acept\u00f3 la propuesta del conjunto londinense.<\/p>\n<p style=\"text-align: center;\"><strong><a href=\"http:\/\/futboltotal.com.mx\/2015\/10\/blatter-y-platini-suspendidos-de-fifa\/\">LEER M\u00c1S: Blatter y Platini, suspendidos por FIFA<\/a><\/strong><\/p>\n<p>De acuerdo a la prensa brit\u00e1nica,<strong> J\u00fcrgen Klopp\u00a0<\/strong><span id=\"ext-gen172\">llegar\u00e1 acompa\u00f1ado por Zelkjo Buvac y Peter Krawietz, quienes formaron parte de su cuerpo t\u00e9cnico durante los 13 a\u00f1os que dirigi\u00f3 en Alemania<\/span><span id=\"ext-gen171\"><em>.<\/em><\/span><\/p>\n<p>Y as\u00ed, ser\u00e1 este viernes cuando<strong>\u00a0J\u00fcrgen<\/strong>\u00a0<strong>Klopp<\/strong>\u00a0sea presentado en Anfield y dirija su primera pr\u00e1ctica con los jugadores que no fueron convocados a nivel selecci\u00f3n para disputar la pen\u00faltima Fecha FIFA del a\u00f1o. De esta forma, el t\u00e9cnico alem\u00e1n se alista para afrontar uno de los retos m\u00e1s importantes de su carrera: llevar al\u00a0<strong>Liverpool<\/strong>\u00a0a ganar la\u00a0<em>Premier League<\/em>\u00a0por primera vez.<\/p>\n","protected":false},"excerpt":{"rendered":"<p>El entrenador alem\u00e1n ser\u00e1 presentado en Anfield este viernes<\/p>\n","protected":false},"author":20,"featured_media":320920,"comment_status":"open","ping_status":"open","sticky":false,"template":"","format":"standard","meta":[],"categories":[3839,3846,5951],"tags":[2863,5989],"_links":{"self":[{"href":"http:\/\/desarrollo.grupomedios.com\/futbol\/wp-json\/wp\/v2\/posts\/320903"}],"collection":[{"href":"http:\/\/desarrollo.grupomedios.com\/futbol\/wp-json\/wp\/v2\/posts"}],"about":[{"href":"http:\/\/desarrollo.grupomedios.com\/futbol\/wp-json\/wp\/v2\/types\/post"}],"author":[{"embeddable":true,"href":"http:\/\/desarrollo.grupomedios.com\/futbol\/wp-json\/wp\/v2\/users\/20"}],"replies":[{"embeddable":true,"href":"http:\/\/desarrollo.grupomedios.com\/futbol\/wp-json\/wp\/v2\/comments?post=320903"}],"version-history":[{"count":0,"href":"http:\/\/desarrollo.grupomedios.com\/futbol\/wp-json\/wp\/v2\/posts\/320903\/revisions"}],"wp:featuredmedia":[{"embeddable":true,"href":"http:\/\/desarrollo.grupomedios.com\/futbol\/wp-json\/wp\/v2\/media\/320920"}],"wp:attachment":[{"href":"http:\/\/desarrollo.grupomedios.com\/futbol\/wp-json\/wp\/v2\/media?parent=320903"}],"wp:term":[{"taxonomy":"category","embeddable":true,"href":"http:\/\/desarrollo.grupomedios.com\/futbol\/wp-json\/wp\/v2\/categories?post=320903"},{"taxonomy":"post_tag","embeddable":true,"href":"http:\/\/desarrollo.grupomedios.com\/futbol\/wp-json\/wp\/v2\/tags?post=320903"}],"curies":[{"name":"wp","href":"https:\/\/api.w.org\/{rel}","templated":true}]}}