{"id":320963,"date":"2015-10-08T16:33:33","date_gmt":"2015-10-08T21:33:33","guid":{"rendered":"http:\/\/futboltotal.com.mx\/?p=320963"},"modified":"2015-10-27T09:41:57","modified_gmt":"2015-10-27T14:41:57","slug":"top-5-los-jugadores-mas-valiosos-del-tri","status":"publish","type":"post","link":"http:\/\/desarrollo.grupomedios.com\/futbol\/videos\/top-5-los-jugadores-mas-valiosos-del-tri\/2015\/10","title":{"rendered":"Top 5 | Los jugadores m\u00e1s valiosos del Tri"},"content":{"rendered":"<p>[video_player]https:\/\/player.vimeo.com\/external\/141829200.hd.mp4?s=78dea8bd897ac5a616c6a9925fe94d31&amp;profile_id=113[\/video_player]<\/p>\n<p>De los 23 elementos convocados por el\u00a0<em>Tuca<\/em>\u00a0Ferretti a la <a href=\"http:\/\/futboltotal.com.mx\/futbol-mexicano\/seleccion-mexicana\/\"><strong>Selecci\u00f3n Mexicana<\/strong><\/a>,\u00a0<strong>Carlos Vela<\/strong>\u00a0es el futbolista m\u00e1s caro,\u00a0con un costo de poco m\u00e1s de\u00a0<strong>380\u00a0millones de pesos<\/strong>\u00a0(20 millones de d\u00f3lares), mientras que\u00a0<strong>Rafael M\u00e1rquez<\/strong>\u00a0es el seleccionado\u00a0<em>azteca<\/em>\u00a0de menos valor,\u00a0con\u00a0<strong>9\u00a0millones de pesos<\/strong>\u00a0(562 mil d\u00f3lares).<\/p>\n<p style=\"text-align: center;\"><strong><span style=\"color: #3366ff;\"><a style=\"color: #3366ff;\" href=\"http:\/\/futboltotal.com.mx\/2015\/10\/top-5-dolorosas-derrotas-del-tri-ante-eu\/\">VER M\u00c1S: VIDEO | Top 5 | Dolorosas derrotas del Tri ante EU<\/a><\/span><\/strong><\/p>\n<p style=\"text-align: center;\"><strong><span style=\"color: #3366ff;\"><a style=\"color: #3366ff;\" href=\"http:\/\/futboltotal.com.mx\/2015\/10\/top-5-victorias-memorables-del-tri-sobre-eu\/\">VER M\u00c1S: VIDEO | Top 5 | Victorias memorables del Tri sobre EU<\/a><\/span><\/strong><\/p>\n<p>En cada juego entre <strong>M\u00e9xico<\/strong>\u00a0y\u00a0<strong>Estados Unidos<\/strong>\u00a0se pone a prueba la dignidad de ambos conjuntos, adem\u00e1s de que se engrandece la rivalidad deportiva y hasta cultural que existe entre los dos pa\u00edses,\u00a0que\u00a0disputar\u00e1n por tercera ocasi\u00f3n el pase a la antesala de la Copa del Mundo.<\/p>\n<p>En 2007 se dio el primer duelo directo de\u00a0<strong>M\u00e9xico<\/strong>\u00a0contra\u00a0<strong>Estados Unidos<\/strong>\u00a0en busca del boleto a la Copa Confederaciones 2009. El partido fue en el\u00a0<em>Soldier Field<\/em>\u00a0de Chicago, dentro de la Final de la Copa Oro de ese a\u00f1o, donde el\u00a0<em>Tri s<\/em>e adelant\u00f3 con un gol de Andr\u00e9s Guardado, pero m\u00e1s tarde, Landon Donovan y Benny Feilhaber se encargaron de eliminar a la selecci\u00f3n\u00a0<em>azteca<\/em>\u00a0y de paso poner en riesgo el puesto de Hugo S\u00e1nchez.<\/p>\n<p style=\"text-align: center;\"><strong><a style=\"color: #3366ff;\" href=\"http:\/\/futboltotal.com.mx\/2015\/10\/mexico-duplica-valor-de-estados-unidos\/\">LEER M\u00c1S: M\u00e9xico duplica valor de Estados Unidos<\/a><\/strong><\/p>\n<p style=\"text-align: left;\">Para 2011 se dio el segundo enfrentamiento entre el\u00a0<em>Tri<\/em>\u00a0y\u00a0<em>las Barras y las Estrellas<\/em>\u00a0en busca del acceso a la Copa Confederaciones 2009. En esta ocasi\u00f3n tambi\u00e9n hubo una voltereta, pero esta vez a favor de la\u00a0<strong>selecci\u00f3n de M\u00e9xico<\/strong>, que venci\u00f3 por 4-2\u00a0a\u00a0<strong>Estados Unidos<\/strong>\u00a0en el\u00a0<em>Rose Bowl<\/em>\u00a0de Pasadena.<\/p>\n<p>Este 10 de octubre, se enfrentar\u00e1n como los campeones de la Copa Oro:\u00a0<strong>Estados Unidos<\/strong>\u00a0en 2013 y\u00a0<strong>M\u00e9xico<\/strong>\u00a0en 2015.<\/p>\n","protected":false},"excerpt":{"rendered":"<p>Carlos Vela es el futbolista m\u00e1s caro de la Selecci\u00f3n Mexicana<\/p>\n","protected":false},"author":20,"featured_media":320973,"comment_status":"open","ping_status":"open","sticky":false,"template":"","format":"standard","meta":[],"categories":[3847,6381,4],"tags":[6248],"_links":{"self":[{"href":"http:\/\/desarrollo.grupomedios.com\/futbol\/wp-json\/wp\/v2\/posts\/320963"}],"collection":[{"href":"http:\/\/desarrollo.grupomedios.com\/futbol\/wp-json\/wp\/v2\/posts"}],"about":[{"href":"http:\/\/desarrollo.grupomedios.com\/futbol\/wp-json\/wp\/v2\/types\/post"}],"author":[{"embeddable":true,"href":"http:\/\/desarrollo.grupomedios.com\/futbol\/wp-json\/wp\/v2\/users\/20"}],"replies":[{"embeddable":true,"href":"http:\/\/desarrollo.grupomedios.com\/futbol\/wp-json\/wp\/v2\/comments?post=320963"}],"version-history":[{"count":0,"href":"http:\/\/desarrollo.grupomedios.com\/futbol\/wp-json\/wp\/v2\/posts\/320963\/revisions"}],"wp:featuredmedia":[{"embeddable":true,"href":"http:\/\/desarrollo.grupomedios.com\/futbol\/wp-json\/wp\/v2\/media\/320973"}],"wp:attachment":[{"href":"http:\/\/desarrollo.grupomedios.com\/futbol\/wp-json\/wp\/v2\/media?parent=320963"}],"wp:term":[{"taxonomy":"category","embeddable":true,"href":"http:\/\/desarrollo.grupomedios.com\/futbol\/wp-json\/wp\/v2\/categories?post=320963"},{"taxonomy":"post_tag","embeddable":true,"href":"http:\/\/desarrollo.grupomedios.com\/futbol\/wp-json\/wp\/v2\/tags?post=320963"}],"curies":[{"name":"wp","href":"https:\/\/api.w.org\/{rel}","templated":true}]}}