{"id":321088,"date":"2015-10-08T20:55:48","date_gmt":"2015-10-09T01:55:48","guid":{"rendered":"http:\/\/futboltotal.com.mx\/?p=321088"},"modified":"2015-10-08T21:00:24","modified_gmt":"2015-10-09T02:00:24","slug":"mexico-sin-rival-para-sede-de-repechaje-de-baloncesto","status":"publish","type":"post","link":"http:\/\/desarrollo.grupomedios.com\/futbol\/no-todo-es-futbol\/mexico-sin-rival-para-sede-de-repechaje-de-baloncesto\/2015\/10","title":{"rendered":"M\u00e9xico, sin rival para sede de Repechaje de Baloncesto"},"content":{"rendered":"<p>A menos que algo extraordinario suceda, <strong>M\u00e9xico<\/strong> se quedar\u00e1 con la <strong>sede<\/strong> del <strong>Torneo de Clasificaci\u00f3n Ol\u00edmpica de Baloncesto<\/strong>, por un boleto para <strong>Rio 2016<\/strong>, toda vez que <strong>Canad\u00e1<\/strong> ha declinado en su candidatura para recibir el certamen.<\/p>\n<p>Seg\u00fan declaraciones de Alberto Garc\u00eda, Secretario General de <strong>FIBA Am\u00e9ricas<\/strong>, la \u00fanica candidatura oficial en el continente americano es la que viene de parte de M\u00e9xico, adem\u00e1s de que en Europa hay siete candidaturas oficiales.<\/p>\n<p>&#8220;Hay siete pa\u00edses que han solicitado la sede de Europa, tres de ellos clasificados y cuatro que no; en Am\u00e9rica s\u00f3lo qued\u00f3 <strong>M\u00e9xico<\/strong>. Canad\u00e1 ha desistido de organizar la competencia\u201d.<\/p>\n<p style=\"text-align: center;\"><span style=\"color: #3366ff;\"><strong><a style=\"color: #3366ff;\" href=\"http:\/\/futboltotal.com.mx\/2015\/10\/definidas-las-selecciones-para-preolimpico-de-baloncesto\/\">LEER M\u00c1S: Selecciones definidas para el Repechaje de Baloncesto<\/a>\u00a0<\/strong><\/span><\/p>\n<p>Dichas declaraciones dar\u00edan como autom\u00e1tico ganador a <strong>M\u00e9xico<\/strong>, ya que Puerto Rico, el otro calificado del continente al Repechaje no tuvo inter\u00e9s en realizar el evento, adem\u00e1s de que Rep\u00fablica Dominicana formar\u00eda parte de este torneo, al tener M\u00e9xico, su lugar como sede.<\/p>\n<p>Ante la respuesta del p\u00fablico mexicano en el pasado <strong>Preol\u00edmpico<\/strong>, desarrollado en la Ciudad de M\u00e9xico, la CONADE, presidida por Alfredo Castillo, prometi\u00f3 que buscar\u00edan obtener la sede del repechaje, para que la selecci\u00f3n volviera a tener el apoyo de la afici\u00f3n; situaci\u00f3n que avalaron Sergio Valdeolmillos y Gustavo Ay\u00f3n, entrenador y ala-pivote respectivamente del combinado tricolor.<\/p>\n<p>\u201cDespu\u00e9s del partido contra Canad\u00e1, Alfredo Castillo entr\u00f3 en el vestuario e hizo un compromiso de traerse el Repechaje; nos dijo que habr\u00eda una continuidad de las cosas as\u00ed que, los objetivos son claros, uno es buscar evidentemente la clasificaci\u00f3n a los Juegos Ol\u00edmpicos y el otro es continuar el resurgimiento del baloncesto mexicano\u201d, apunt\u00f3 el entrenador espa\u00f1ol al final del torneo.<\/p>\n<p>\u201cEs algo que ven\u00eda por s\u00ed solo, por ese mismo impacto que tuvo esta selecci\u00f3n en el Preol\u00edmpico y en la sociedad. \u00bfA qui\u00e9n no le gustar\u00eda volver a tener este evento en M\u00e9xico? Es una situaci\u00f3n que se ve\u00eda l\u00f3gica. Tal vez en lo deportivo no tuvimos el mismo \u00e9xito que busc\u00e1bamos, pero realmente, en todo lo dem\u00e1s, fue un cien por ciento de calidad de trabajo\u201d coment\u00f3 por su parte el nayarita.<\/p>\n<p>La decisi\u00f3n final se tomar\u00e1 en noviembre pr\u00f3ximo, y el torneo de repechaje se desarrollar\u00e1 del 4 al 10 de julio del 2016.<\/p>\n","protected":false},"excerpt":{"rendered":"<p>Canad\u00e1 declino en la lucha por recibir el evento<\/p>\n","protected":false},"author":20,"featured_media":321154,"comment_status":"open","ping_status":"open","sticky":false,"template":"","format":"standard","meta":[],"categories":[5814,5418],"tags":[6254,6208,182,65,6252,5979,6253],"_links":{"self":[{"href":"http:\/\/desarrollo.grupomedios.com\/futbol\/wp-json\/wp\/v2\/posts\/321088"}],"collection":[{"href":"http:\/\/desarrollo.grupomedios.com\/futbol\/wp-json\/wp\/v2\/posts"}],"about":[{"href":"http:\/\/desarrollo.grupomedios.com\/futbol\/wp-json\/wp\/v2\/types\/post"}],"author":[{"embeddable":true,"href":"http:\/\/desarrollo.grupomedios.com\/futbol\/wp-json\/wp\/v2\/users\/20"}],"replies":[{"embeddable":true,"href":"http:\/\/desarrollo.grupomedios.com\/futbol\/wp-json\/wp\/v2\/comments?post=321088"}],"version-history":[{"count":0,"href":"http:\/\/desarrollo.grupomedios.com\/futbol\/wp-json\/wp\/v2\/posts\/321088\/revisions"}],"wp:featuredmedia":[{"embeddable":true,"href":"http:\/\/desarrollo.grupomedios.com\/futbol\/wp-json\/wp\/v2\/media\/321154"}],"wp:attachment":[{"href":"http:\/\/desarrollo.grupomedios.com\/futbol\/wp-json\/wp\/v2\/media?parent=321088"}],"wp:term":[{"taxonomy":"category","embeddable":true,"href":"http:\/\/desarrollo.grupomedios.com\/futbol\/wp-json\/wp\/v2\/categories?post=321088"},{"taxonomy":"post_tag","embeddable":true,"href":"http:\/\/desarrollo.grupomedios.com\/futbol\/wp-json\/wp\/v2\/tags?post=321088"}],"curies":[{"name":"wp","href":"https:\/\/api.w.org\/{rel}","templated":true}]}}