{"id":321191,"date":"2015-10-08T21:59:35","date_gmt":"2015-10-09T02:59:35","guid":{"rendered":"http:\/\/futboltotal.com.mx\/?p=321191"},"modified":"2015-10-08T22:00:49","modified_gmt":"2015-10-09T03:00:49","slug":"dario-benedetto-ya-es-mexicano","status":"publish","type":"post","link":"http:\/\/desarrollo.grupomedios.com\/futbol\/futbol-mexicano\/dario-benedetto-ya-es-mexicano\/2015\/10","title":{"rendered":"Dar\u00edo Benedetto ya es mexicano"},"content":{"rendered":"<p>Luego de varias semanas de espera, el delantero del <a href=\"http:\/\/futboltotal.com.mx\/equipos\/america\/\" target=\"_blank\"><strong>Am\u00e9rica<\/strong><\/a>, <strong>Dar\u00edo Benedetto<\/strong>, recibi\u00f3 su carta de naturalizaci\u00f3n, situaci\u00f3n que dijo lo llena de orgullo.<\/p>\n<p>Por medio de <em>Twitter<\/em>, el artillero comparti\u00f3 una fotograf\u00eda en la que muestra el documento y con la leyenda \u201corgullosos de ser mexicano\u201d.<\/p>\n<blockquote class=\"twitter-tweet\" lang=\"es\">\n<p dir=\"ltr\" lang=\"es\">Orgulloso de ser Mexicano!!!! ?? <a href=\"http:\/\/t.co\/CUspEGSRde\">pic.twitter.com\/CUspEGSRde<\/a><\/p>\n<p>\u2014 Dario Benedetto (@PipaBenedetto) <a href=\"https:\/\/twitter.com\/PipaBenedetto\/status\/652278648154689536\">octubre 9, 2015<\/a><\/p><\/blockquote>\n<p><script src=\"\/\/platform.twitter.com\/widgets.js\" async=\"\" charset=\"utf-8\"><\/script><\/p>\n<p>De esta forma, <strong>Am\u00e9rica<\/strong> liber\u00f3 una plaza de extranjero misma que podr\u00e1 utilizar para el Clausura 2016 y al mismo tiempo <strong>Dar\u00edo Benedetto<\/strong> se une a la lista de opciones para ser convocados al <em>Tri<\/em>.<\/p>\n<p style=\"text-align: center;\"><span style=\"color: #3366ff;\"><strong><a style=\"color: #3366ff;\" href=\"http:\/\/futboltotal.com.mx\/2015\/10\/usain-bolt-juega-una-cascara-con-benedetto\/\" target=\"_blank\">LEER M\u00c1S: Usain bolt juega una casacara con Dar\u00edo Benedetto<\/a><\/strong><\/span><\/p>\n<p>\u00bfTe gustar\u00eda ver al ariete en la Selecci\u00f3n Mexicana, <em>crack<\/em>?<\/p>\n<p><span style=\"color: #ff0000;\">VIDEO: Top 5, mejores goles de la jornada 12<br \/>\n<\/span><\/p>\n<p>[video_player]https:\/\/player.vimeo.com\/external\/141462509.sd.mp4?s=4cf9855cf360f9563e46f563e20f925a&amp;profile_id=112[\/video_player]<\/p>\n","protected":false},"excerpt":{"rendered":"<p>El delantero recibi\u00f3 su carta de naturalizaci\u00f3n<\/p>\n","protected":false},"author":20,"featured_media":321192,"comment_status":"open","ping_status":"open","sticky":false,"template":"","format":"standard","meta":[],"categories":[2198,3845,5950],"tags":[5959,3876],"_links":{"self":[{"href":"http:\/\/desarrollo.grupomedios.com\/futbol\/wp-json\/wp\/v2\/posts\/321191"}],"collection":[{"href":"http:\/\/desarrollo.grupomedios.com\/futbol\/wp-json\/wp\/v2\/posts"}],"about":[{"href":"http:\/\/desarrollo.grupomedios.com\/futbol\/wp-json\/wp\/v2\/types\/post"}],"author":[{"embeddable":true,"href":"http:\/\/desarrollo.grupomedios.com\/futbol\/wp-json\/wp\/v2\/users\/20"}],"replies":[{"embeddable":true,"href":"http:\/\/desarrollo.grupomedios.com\/futbol\/wp-json\/wp\/v2\/comments?post=321191"}],"version-history":[{"count":0,"href":"http:\/\/desarrollo.grupomedios.com\/futbol\/wp-json\/wp\/v2\/posts\/321191\/revisions"}],"wp:featuredmedia":[{"embeddable":true,"href":"http:\/\/desarrollo.grupomedios.com\/futbol\/wp-json\/wp\/v2\/media\/321192"}],"wp:attachment":[{"href":"http:\/\/desarrollo.grupomedios.com\/futbol\/wp-json\/wp\/v2\/media?parent=321191"}],"wp:term":[{"taxonomy":"category","embeddable":true,"href":"http:\/\/desarrollo.grupomedios.com\/futbol\/wp-json\/wp\/v2\/categories?post=321191"},{"taxonomy":"post_tag","embeddable":true,"href":"http:\/\/desarrollo.grupomedios.com\/futbol\/wp-json\/wp\/v2\/tags?post=321191"}],"curies":[{"name":"wp","href":"https:\/\/api.w.org\/{rel}","templated":true}]}}