{"id":321231,"date":"2015-10-09T09:50:05","date_gmt":"2015-10-09T14:50:05","guid":{"rendered":"http:\/\/futboltotal.com.mx\/?p=321231"},"modified":"2015-10-09T10:00:11","modified_gmt":"2015-10-09T15:00:11","slug":"jurgen-klopp-presentado-como-entrenador-del-liverpool","status":"publish","type":"post","link":"http:\/\/desarrollo.grupomedios.com\/futbol\/futbol-internacional\/jurgen-klopp-presentado-como-entrenador-del-liverpool\/2015\/10","title":{"rendered":"Jurgen Klopp, presentado como DT del Liverpool"},"content":{"rendered":"<p><strong>&#8220;Yo no quiero describirme a m\u00ed mismo. Soy un tipo completamente normal&#8221;<\/strong>, afirm\u00f3 <strong>Jurgen Klopp<\/strong> tras comenzar con las cuestiones en relaci\u00f3n a<strong>\u00a0Jose Mourinho, <\/strong>t\u00e9cnico al que apodan The Special One en territorio brit\u00e1nico.<\/p>\n<p>Con su presentaci\u00f3n como t\u00e9cnico del Liverpool culmin\u00f3 con su a\u00f1o sab\u00e1tico y todo por un reto en su carrera que luce dif\u00edcil m\u00e1s no imposible, sobre todo, cuando uno repasa la trayectoria de \u00e9xitos de Klopp.<\/p>\n<p>blockquote class=&#8221;twitter-tweet&#8221; lang=&#8221;es&#8221;&gt;<\/p>\n<p dir=\"ltr\" lang=\"en\">PHOTO: J\u00fcrgen Klopp touches the &#8216;This is Anfield&#8217; sign for the first time as <a href=\"https:\/\/twitter.com\/hashtag\/LFC?src=hash\">#LFC<\/a> manager <a href=\"http:\/\/t.co\/r2inHdMO7X\">pic.twitter.com\/r2inHdMO7X<\/a><\/p>\n<p>\u2014 Liverpool FC (@LFC) <a href=\"https:\/\/twitter.com\/LFC\/status\/652411174236110848\">octubre 9, 2015<\/a><\/p>\n<p><script src=\"\/\/platform.twitter.com\/widgets.js\" async=\"\" charset=\"utf-8\"><\/script><\/p>\n<p>&#8220;Entrenar en Anfield a uno de los mejores clubes del mundo es el mayor honor que puedo imaginar&#8221;, revel\u00f3. Adem\u00e1s, el estratega alem\u00e1n asegur\u00f3 que muchos piensan que la situaci\u00f3n del Liverpool es terrible, pero a su juicio, la situaci\u00f3n no es tan temible como se relata.<\/p>\n<p>&#8220;Tengo la oportunidad de intentar ayudar en una situaci\u00f3n que no es tan mala como alguna de las personas que est\u00e1n en esta sala piensan&#8221;, afirm\u00f3 el t\u00e9cnico.<\/p>\n<p>El exfutbolista alem\u00e1n, que no ha entrenado desde que sali\u00f3 del Dortmund en mayo de 2015, <a href=\"http:\/\/futboltotal.com.mx\/2015\/10\/brendan-rodgers-es-destituido-como-director-tecnico-del-liverpool\/\">sustituye en el Liverpool al norirland\u00e9s Brendan Rodgers<\/a>, que fue cesado este domingo tras un empate ante el Everton (1-1) que dej\u00f3 al equipo en la d\u00e9cima plaza de la Premier League, con 12 puntos tras ocho partidos.<\/p>\n<p><strong>&#8220;La liga inglesa es una de las m\u00e1s dif\u00edciles del mundo. Hay seis o siete clubes que pueden ser campeones, pero solo uno lo es al final. Los dem\u00e1s acaban decepcionados, pensando que ha ocurrido un desastre&#8221;<\/strong>, indic\u00f3 Klopp.<\/p>\n<p>&#8220;Este es un momento para empezar de nuevo. No es importante qui\u00e9n va a ganar la Premier, solamente es importante que juguemos nuestro propio juego y tengamos confianza en nuestra gente&#8221;, declar\u00f3 un Jurgen que ilusiona en Anfield Road, un t\u00e9cnico que no le teme a nada.<\/p>\n<p>&nbsp;<\/p>\n<p>&nbsp;<\/p>\n","protected":false},"excerpt":{"rendered":"<p>Al alem\u00e1n intentaron compararlo con Mourinho y respondi\u00f3 de una forma hilarante <\/p>\n","protected":false},"author":20,"featured_media":321232,"comment_status":"open","ping_status":"open","sticky":false,"template":"","format":"standard","meta":[],"categories":[3839,3846,5951],"tags":[2863,5989],"_links":{"self":[{"href":"http:\/\/desarrollo.grupomedios.com\/futbol\/wp-json\/wp\/v2\/posts\/321231"}],"collection":[{"href":"http:\/\/desarrollo.grupomedios.com\/futbol\/wp-json\/wp\/v2\/posts"}],"about":[{"href":"http:\/\/desarrollo.grupomedios.com\/futbol\/wp-json\/wp\/v2\/types\/post"}],"author":[{"embeddable":true,"href":"http:\/\/desarrollo.grupomedios.com\/futbol\/wp-json\/wp\/v2\/users\/20"}],"replies":[{"embeddable":true,"href":"http:\/\/desarrollo.grupomedios.com\/futbol\/wp-json\/wp\/v2\/comments?post=321231"}],"version-history":[{"count":0,"href":"http:\/\/desarrollo.grupomedios.com\/futbol\/wp-json\/wp\/v2\/posts\/321231\/revisions"}],"wp:featuredmedia":[{"embeddable":true,"href":"http:\/\/desarrollo.grupomedios.com\/futbol\/wp-json\/wp\/v2\/media\/321232"}],"wp:attachment":[{"href":"http:\/\/desarrollo.grupomedios.com\/futbol\/wp-json\/wp\/v2\/media?parent=321231"}],"wp:term":[{"taxonomy":"category","embeddable":true,"href":"http:\/\/desarrollo.grupomedios.com\/futbol\/wp-json\/wp\/v2\/categories?post=321231"},{"taxonomy":"post_tag","embeddable":true,"href":"http:\/\/desarrollo.grupomedios.com\/futbol\/wp-json\/wp\/v2\/tags?post=321231"}],"curies":[{"name":"wp","href":"https:\/\/api.w.org\/{rel}","templated":true}]}}