{"id":321246,"date":"2015-10-09T11:16:54","date_gmt":"2015-10-09T16:16:54","guid":{"rendered":"http:\/\/futboltotal.com.mx\/?p=321246"},"modified":"2015-10-09T11:18:19","modified_gmt":"2015-10-09T16:18:19","slug":"tim-howard-critica-celebracion-de-mexico","status":"publish","type":"post","link":"http:\/\/desarrollo.grupomedios.com\/futbol\/futbol-mexicano\/seleccion-mexicana\/tim-howard-critica-celebracion-de-mexico\/2015\/10","title":{"rendered":"Tim Howard critica celebraci\u00f3n de M\u00e9xico"},"content":{"rendered":"<p>El juego de declaraciones continua, previo al partido entre <strong>Estados Unidos<\/strong> y <strong>M\u00e9xico<\/strong>, por el pase a la <strong>Copa Confederaciones Rusia 2017<\/strong>. Ahora es <strong>Tim Howard<\/strong>, portero de la selecci\u00f3n estadounidense quien mencion\u00f3 que el <em>Tricolor<\/em> exager\u00f3 con los festejos, cuando se gan\u00f3 la <strong>medalla de oro<\/strong> en los Juegos Ol\u00edmpicos de <strong>Londres 2012<\/strong>.<\/p>\n<p>&#8220;M\u00e9xico gan\u00f3 los Juegos Ol\u00edmpicos (en 2012) y pensaron que era la Copa del Mundo, pero no fue as\u00ed. Les respondimos con la forma que entramos al Mundial de Brasil 2014, en t\u00e9rminos de la clasificaci\u00f3n en el Hexagonal&#8221;, dijo en entrevista a <em>US Today<\/em>.<\/p>\n<p style=\"text-align: center;\"><strong><span style=\"color: #3366ff;\"><a style=\"color: #3366ff;\" href=\"http:\/\/futboltotal.com.mx\/futbol-mexicano\/seleccion-mexicana\/\">LEER M\u00c1S: Toda la informaci\u00f3n de la Selecci\u00f3n Mexicana<\/a><\/span><\/strong><\/p>\n<p>El cancerbero del Everton tambi\u00e9n dice que en <strong>M\u00e9xico<\/strong> tienen argumentos para estar molestos con la selecci\u00f3n de las <em>Barras y las Estrellas<\/em>, ya que durante los \u00faltimos a\u00f1os son ellos los que mantienen el dominio en la regi\u00f3n.<\/p>\n<p>&#8220;La conclusi\u00f3n es que M\u00e9xico est\u00e1 muy molesto. Ellos dominaron el futbol en nuestra regi\u00f3n por d\u00e9cadas y d\u00e9cadas; no pudimos sacarles nada y en los \u00faltimos 15 a\u00f1os hemos dominado la regi\u00f3n; seguimos sacando buenos resultados cuando los enfrentamos. Nos hemos asegurado de seguir ganando partidos y jugar bien. Si a ellos les incomoda, no s\u00e9 y realmente no me importa&#8221;, declar\u00f3.<\/p>\n<p><strong>Tim Howard<\/strong>, concluido el Mundial de Brasil del 2014, decidi\u00f3 tomarse un descanso de un a\u00f1o dentro de la selecci\u00f3n de Estados Unidos, el cual concluy\u00f3 en junio pasado, por lo que fue considerado por <strong>J\u00fcrgen Klinsmann<\/strong> para disputar la Copa CONCACAF ante la <strong>Selecci\u00f3n Mexicana.<\/strong><\/p>\n","protected":false},"excerpt":{"rendered":"<p>El portero demerita la medalla de oro, conseguida en Londres<\/p>\n","protected":false},"author":20,"featured_media":321252,"comment_status":"open","ping_status":"open","sticky":false,"template":"","format":"standard","meta":[],"categories":[3847],"tags":[1580,310,1911,372,65,1333],"_links":{"self":[{"href":"http:\/\/desarrollo.grupomedios.com\/futbol\/wp-json\/wp\/v2\/posts\/321246"}],"collection":[{"href":"http:\/\/desarrollo.grupomedios.com\/futbol\/wp-json\/wp\/v2\/posts"}],"about":[{"href":"http:\/\/desarrollo.grupomedios.com\/futbol\/wp-json\/wp\/v2\/types\/post"}],"author":[{"embeddable":true,"href":"http:\/\/desarrollo.grupomedios.com\/futbol\/wp-json\/wp\/v2\/users\/20"}],"replies":[{"embeddable":true,"href":"http:\/\/desarrollo.grupomedios.com\/futbol\/wp-json\/wp\/v2\/comments?post=321246"}],"version-history":[{"count":0,"href":"http:\/\/desarrollo.grupomedios.com\/futbol\/wp-json\/wp\/v2\/posts\/321246\/revisions"}],"wp:featuredmedia":[{"embeddable":true,"href":"http:\/\/desarrollo.grupomedios.com\/futbol\/wp-json\/wp\/v2\/media\/321252"}],"wp:attachment":[{"href":"http:\/\/desarrollo.grupomedios.com\/futbol\/wp-json\/wp\/v2\/media?parent=321246"}],"wp:term":[{"taxonomy":"category","embeddable":true,"href":"http:\/\/desarrollo.grupomedios.com\/futbol\/wp-json\/wp\/v2\/categories?post=321246"},{"taxonomy":"post_tag","embeddable":true,"href":"http:\/\/desarrollo.grupomedios.com\/futbol\/wp-json\/wp\/v2\/tags?post=321246"}],"curies":[{"name":"wp","href":"https:\/\/api.w.org\/{rel}","templated":true}]}}