{"id":321599,"date":"2015-10-10T11:18:53","date_gmt":"2015-10-10T16:18:53","guid":{"rendered":"http:\/\/futboltotal.com.mx\/?p=321599"},"modified":"2015-10-10T11:19:11","modified_gmt":"2015-10-10T16:19:11","slug":"7-cracks-que-contrajeron-el-virus-fifa","status":"publish","type":"post","link":"http:\/\/desarrollo.grupomedios.com\/futbol\/futbol-internacional\/7-cracks-que-contrajeron-el-virus-fifa\/2015\/10","title":{"rendered":"7 cracks que contrajeron el virus FIFA"},"content":{"rendered":"<p>El par\u00f3n\u00a0internacional\u00a0dej\u00f3 una vez m\u00e1s molestia en las directivas de los mejores clubes del mundo. Entre los principales afectados en esta ocasi\u00f3n se encuentran Real Madrid, Paris Saint Germain, Bayern de M\u00fanich, Juventus, Chelsea y Manchester City, y eso que a\u00fan restan por disputarse una infinidad de juegos entre s\u00e1bado y martes. <strong>Futbol Total<\/strong> te presenta un cat\u00e1logo con<strong> 7 cracks que contrajeron el virus FIFA<\/strong> por su actividad con la selecci\u00f3n.<\/p>\n<p><span style=\"color: #ff0000;\"><strong>Karim Benzema<\/strong><\/span> |Los merengues tienen un problema m\u00e1s que atender a su ya larga lista de convalecientes. El nuevo integrante del hospital blanco en este comienzo de campa\u00f1a es Benzema, m\u00e1ximo goleador del equipo en Liga en el vigente curso. El goleador galo brill\u00f3 con doblete en el amistoso de Francia ante Armenia, hasta que por culpa de una lesi\u00f3n de grado I en los isquiotibiales abandon\u00f3 el rect\u00e1ngulo verde y estar\u00e1 fuera de los terrenos de juego entre dos y tres semanas.<\/p>\n<p><a href=\"http:\/\/futboltotal.com.mx\/wp-content\/uploads\/2015\/10\/kb.jpg\"><img decoding=\"async\" loading=\"lazy\" class=\"alignnone size-full wp-image-321601\" src=\"http:\/\/futboltotal.com.mx\/wp-content\/uploads\/2015\/10\/kb.jpg\" alt=\"Karim Benzema\" srcset=\"http:\/\/desarrollo.grupomedios.com\/futbol\/wp-content\/uploads\/2015\/10\/kb.jpg 5184w, http:\/\/desarrollo.grupomedios.com\/futbol\/wp-content\/uploads\/2015\/10\/kb-300x200.jpg 300w, http:\/\/desarrollo.grupomedios.com\/futbol\/wp-content\/uploads\/2015\/10\/kb-1024x683.jpg 1024w\" sizes=\"(max-width: 5184px) 100vw, 5184px\" \/><\/a><\/p>\n<p><strong><span style=\"color: #ff0000;\">Sergio Ag\u00fcero<\/span><\/strong> | Un recurrente de la enfermer\u00eda. Justo cuando firm\u00f3 la <a href=\"http:\/\/futboltotal.com.mx\/2015\/10\/historica-actuacion-de-sergio-aguero\/\">mejor actuaci\u00f3n de su carrera al marcar un rep\u00f3ker<\/a>, su presentaci\u00f3n con Argentina no fue como la so\u00f1aba. Ante la ausencia de Messi, era la alternativa id\u00f3nea para liderar a la <em>Albiceleste\u00a0<\/em>aunque una lesi\u00f3n lo sac\u00f3 del juego apenas superados los 20 minutos. Una vez m\u00e1s,\u00a0el b\u00edceps femoral es el principal impedimento del goleador argentino para seguir maravillando con su talento, de nuevo, en una fecha<strong> FIFA<\/strong>.<\/p>\n<p><a href=\"http:\/\/futboltotal.com.mx\/wp-content\/uploads\/2015\/10\/SA.jpg\"><img decoding=\"async\" loading=\"lazy\" class=\"alignnone size-full wp-image-321602\" src=\"http:\/\/futboltotal.com.mx\/wp-content\/uploads\/2015\/10\/SA.jpg\" alt=\"Sergio Ag\u00fcero \" srcset=\"http:\/\/desarrollo.grupomedios.com\/futbol\/wp-content\/uploads\/2015\/10\/SA.jpg 3600w, http:\/\/desarrollo.grupomedios.com\/futbol\/wp-content\/uploads\/2015\/10\/SA-300x191.jpg 300w, http:\/\/desarrollo.grupomedios.com\/futbol\/wp-content\/uploads\/2015\/10\/SA-1024x652.jpg 1024w\" sizes=\"(max-width: 3600px) 100vw, 3600px\" \/><\/a><\/p>\n<p><span style=\"color: #ff0000;\"><strong> David Silva <\/strong><\/span>| El Chino dur\u00f3 diez minutos sobre el terreno de juego\u00a0en el choque ante Luxemburgo. Una serie de patadas a su tobillo obligaron a su pronto exilio del campo en un partido en el cual Espa\u00f1a sell\u00f3 su clasificaci\u00f3n a la Euro 2016.\u00a0por una dura entrada sobre su tobillo.<\/p>\n<p><a href=\"http:\/\/futboltotal.com.mx\/wp-content\/uploads\/2015\/10\/DS.jpg\"><img decoding=\"async\" loading=\"lazy\" class=\"alignnone size-full wp-image-321603\" src=\"http:\/\/futboltotal.com.mx\/wp-content\/uploads\/2015\/10\/DS.jpg\" alt=\"DS\" srcset=\"http:\/\/desarrollo.grupomedios.com\/futbol\/wp-content\/uploads\/2015\/10\/DS.jpg 976w, http:\/\/desarrollo.grupomedios.com\/futbol\/wp-content\/uploads\/2015\/10\/DS-300x226.jpg 300w\" sizes=\"(max-width: 976px) 100vw, 976px\" \/><\/a><\/p>\n<p><span style=\"color: #ff0000;\"><strong>Bastian Schweinsteiger<\/strong><\/span> | Louis Van Gaal tambi\u00e9n puede contar con una baja si las pruebas a Schweinsteiger confirman una lesi\u00f3n muscular. El jugador del Manchester United sinti\u00f3 un pinchazo en el muslo izquierdo durante el calentamiento del \u00faltimo partido con Alemania y los ex\u00e1menes dir\u00e1n si estar\u00e1 ante el Everton.<\/p>\n<p><a href=\"http:\/\/futboltotal.com.mx\/wp-content\/uploads\/2015\/10\/BS.jpg\"><img decoding=\"async\" loading=\"lazy\" class=\"alignnone size-full wp-image-321604\" src=\"http:\/\/futboltotal.com.mx\/wp-content\/uploads\/2015\/10\/BS.jpg\" alt=\"Bastian Schweinsteiger\" srcset=\"http:\/\/desarrollo.grupomedios.com\/futbol\/wp-content\/uploads\/2015\/10\/BS.jpg 1890w, http:\/\/desarrollo.grupomedios.com\/futbol\/wp-content\/uploads\/2015\/10\/BS-223x300.jpg 223w, http:\/\/desarrollo.grupomedios.com\/futbol\/wp-content\/uploads\/2015\/10\/BS-760x1024.jpg 760w\" sizes=\"(max-width: 1890px) 100vw, 1890px\" \/><\/a><\/p>\n<p><span style=\"color: #ff0000;\"><strong>Mario G\u00f6tze <\/strong><\/span>| El internacional alem\u00e1n cay\u00f3 en el encuentro ante Irlanda del Norte y fue liberado para el segundo partido ante Georgia. El Bayern de M\u00fanich public\u00f3 a las pocas horas que el centrocampista sufr\u00eda un problema en los abductores de la pierna izquierda y estar\u00e1 de baja entre diez y doce semanas, por lo que no volver\u00e1 a estar a las \u00f3rdenes de Pep Guardiola hasta el 2016 y se convierte as\u00ed en el m\u00e1s afectado por la fecha FIFA.<\/p>\n<p><a href=\"http:\/\/futboltotal.com.mx\/wp-content\/uploads\/2015\/10\/MG.jpg\"><img decoding=\"async\" loading=\"lazy\" class=\"alignnone size-full wp-image-321605\" src=\"http:\/\/futboltotal.com.mx\/wp-content\/uploads\/2015\/10\/MG.jpg\" alt=\"MG\" srcset=\"http:\/\/desarrollo.grupomedios.com\/futbol\/wp-content\/uploads\/2015\/10\/MG.jpg 1360w, http:\/\/desarrollo.grupomedios.com\/futbol\/wp-content\/uploads\/2015\/10\/MG-300x169.jpg 300w, http:\/\/desarrollo.grupomedios.com\/futbol\/wp-content\/uploads\/2015\/10\/MG-1024x577.jpg 1024w\" sizes=\"(max-width: 1360px) 100vw, 1360px\" \/><\/a><\/p>\n<p><span style=\"color: #ff0000;\"><strong>\u00c1lvaro Morata<\/strong><\/span> | La Juventus podr\u00eda perder a uno de sus pilares de esta temporada en ataque. El delantero ib\u00e9rico se retir\u00f3 en camilla a la media hora del partido que su selecci\u00f3n disputaba ante Luxemburgo e hizo saltar todas las alarmas. Los primeros ex\u00e1menes hablaban de fractura de peron\u00e9, pero todo se qued\u00f3 en un susto, a la espera de confirmaci\u00f3n oficial de los servicios m\u00e9dicos.<\/p>\n<p><a href=\"http:\/\/futboltotal.com.mx\/wp-content\/uploads\/2015\/10\/M.jpg\"><img decoding=\"async\" loading=\"lazy\" class=\"alignnone size-full wp-image-321606\" src=\"http:\/\/futboltotal.com.mx\/wp-content\/uploads\/2015\/10\/M.jpg\" alt=\"\u00c1lvaro Morata\" srcset=\"http:\/\/desarrollo.grupomedios.com\/futbol\/wp-content\/uploads\/2015\/10\/M.jpg 976w, http:\/\/desarrollo.grupomedios.com\/futbol\/wp-content\/uploads\/2015\/10\/M-300x200.jpg 300w\" sizes=\"(max-width: 976px) 100vw, 976px\" \/><\/a><\/p>\n<p><span style=\"color: #ff0000;\"><strong>David Luiz<\/strong><\/span> | El central brasile\u00f1o fue sustituido antes del descanso por un problema en la rodilla tras chocar con el chileno Eduardo Vargas y en las pr\u00f3ximas horas la CBF comunicar\u00e1 el alcance de su lesi\u00f3n ya que ha pasado las \u00faltimas 24 horas con hielo en la zona para bajar la inflamaci\u00f3n antes de ser sometido a pruebas. La fecha FIFA y sus v\u00edctimas recurrentes en cada par\u00f3n internacional.<\/p>\n<p><a href=\"http:\/\/futboltotal.com.mx\/wp-content\/uploads\/2015\/10\/DL.jpg\"><img decoding=\"async\" loading=\"lazy\" class=\"alignnone size-full wp-image-321607\" src=\"http:\/\/futboltotal.com.mx\/wp-content\/uploads\/2015\/10\/DL.jpg\" alt=\"David Luiz\" srcset=\"http:\/\/desarrollo.grupomedios.com\/futbol\/wp-content\/uploads\/2015\/10\/DL.jpg 2856w, http:\/\/desarrollo.grupomedios.com\/futbol\/wp-content\/uploads\/2015\/10\/DL-300x196.jpg 300w, http:\/\/desarrollo.grupomedios.com\/futbol\/wp-content\/uploads\/2015\/10\/DL-1024x670.jpg 1024w\" sizes=\"(max-width: 2856px) 100vw, 2856px\" \/><\/a><\/p>\n<p style=\"text-align: center;\"><span style=\"color: #3366ff;\"><strong><a style=\"color: #3366ff;\" href=\"http:\/\/futboltotal.com.mx\/futbol-internacional\/\">LEER M\u00c1S: Todas las noticias del futbol internacional.<\/a><\/strong><\/span><\/p>\n","protected":false},"excerpt":{"rendered":"<p>Varios equipos est\u00e1n furiosos por las lesiones de sus futbolistas en el par\u00f3n de actividad liguera <\/p>\n","protected":false},"author":20,"featured_media":321600,"comment_status":"open","ping_status":"open","sticky":false,"template":"","format":"standard","meta":[],"categories":[3839,5951],"tags":[2763,6042,5992],"_links":{"self":[{"href":"http:\/\/desarrollo.grupomedios.com\/futbol\/wp-json\/wp\/v2\/posts\/321599"}],"collection":[{"href":"http:\/\/desarrollo.grupomedios.com\/futbol\/wp-json\/wp\/v2\/posts"}],"about":[{"href":"http:\/\/desarrollo.grupomedios.com\/futbol\/wp-json\/wp\/v2\/types\/post"}],"author":[{"embeddable":true,"href":"http:\/\/desarrollo.grupomedios.com\/futbol\/wp-json\/wp\/v2\/users\/20"}],"replies":[{"embeddable":true,"href":"http:\/\/desarrollo.grupomedios.com\/futbol\/wp-json\/wp\/v2\/comments?post=321599"}],"version-history":[{"count":0,"href":"http:\/\/desarrollo.grupomedios.com\/futbol\/wp-json\/wp\/v2\/posts\/321599\/revisions"}],"wp:featuredmedia":[{"embeddable":true,"href":"http:\/\/desarrollo.grupomedios.com\/futbol\/wp-json\/wp\/v2\/media\/321600"}],"wp:attachment":[{"href":"http:\/\/desarrollo.grupomedios.com\/futbol\/wp-json\/wp\/v2\/media?parent=321599"}],"wp:term":[{"taxonomy":"category","embeddable":true,"href":"http:\/\/desarrollo.grupomedios.com\/futbol\/wp-json\/wp\/v2\/categories?post=321599"},{"taxonomy":"post_tag","embeddable":true,"href":"http:\/\/desarrollo.grupomedios.com\/futbol\/wp-json\/wp\/v2\/tags?post=321599"}],"curies":[{"name":"wp","href":"https:\/\/api.w.org\/{rel}","templated":true}]}}