{"id":321640,"date":"2015-10-10T13:34:56","date_gmt":"2015-10-10T18:34:56","guid":{"rendered":"http:\/\/futboltotal.com.mx\/?p=321640"},"modified":"2015-10-10T15:13:32","modified_gmt":"2015-10-10T20:13:32","slug":"italia-decimo-clasificado-a-la-euro-2016","status":"publish","type":"post","link":"http:\/\/desarrollo.grupomedios.com\/futbol\/futbol-internacional\/italia-decimo-clasificado-a-la-euro-2016\/2015\/10","title":{"rendered":"Italia, d\u00e9cimo clasificado a la Euro 2016"},"content":{"rendered":"<p><strong>Italia<\/strong> sell\u00f3 su pase para la <strong>Euro\u00a02016<\/strong>\u00a0con una jornada de adelanto batiendo a Azerbaiy\u00e1n, en\u00a0una victoria sencilla a domicilio (1-3). Un golpe de autoridad de <em>La Nazionale<\/em>, que por primera vez en la era Conte consigui\u00f3 marcar tres goles en un partido.<\/p>\n<p>Bastaron 11 minutos para que Italia se pusiera al frente en el marcador. Un pase largo de Verratti puso a Eder solo ante Aghayev, al que bati\u00f3 sin apuros con ca\u00f1o incluido. El capocannoniere de la Serie A marc\u00f3 as\u00ed su segundo tanto con la <em>Azzurra<\/em> en 5 presencias.<\/p>\n<p>Azerbaiy\u00e1n, sin embargo, no se desmoron\u00f3 y confirm\u00f3 ser un equipo respetable (llevaba cuatro partidos de clasificaci\u00f3n sin perder): los de Prosinecki, con el paso del tiempo, consiguieron controlar la pelota encontrando pero poco espacio entre las dos l\u00edneas de Conte. En el 31&#8242;, gracias a un error de Bonucci y Chiellini, el bal\u00f3n cay\u00f3 a los pies de Nazarov, que desde el l\u00edmite del \u00e1rea bati\u00f3 a Buffon con un derechazo.<\/p>\n<p style=\"text-align: center;\"><strong><span style=\"color: #3366ff;\"><a style=\"color: #3366ff;\" href=\"http:\/\/futboltotal.com.mx\/futbol-internacional\/\">LEER M\u00c1S: Todas las noticias del futbol internacional.<\/a><\/span><\/strong><\/p>\n<p>El tanto despert\u00f3 el hambre de Italia y el talento de El Shaarawy, que despu\u00e9s de haber desperdiciado dos buenas oportunidades empuj\u00f3 a las redes el 1-2 tras un pase vertical de Candreva. El futbolista del M\u00f3naco rompi\u00f3 as\u00ed una temible sequ\u00eda, ya que llevaba desde el 14 noviembre del 2012 sin marcar goles con la selecci\u00f3n.<\/p>\n<p>En la reanudaci\u00f3n la <em>Azzurra<\/em> control\u00f3 el enfrentamiento hasta encontrar el 1-3 en el 65&#8242;. La presi\u00f3n muy alta ordenada por el t\u00e9cnico italiano llev\u00f3 a Darmian a robar un bal\u00f3n a pocos metros del \u00e1rea rival. El lateral del Manchester United bati\u00f3 a Aghayev con un potente disparo que vali\u00f3 su primer tanto con la Selecci\u00f3n. A partir de ese momento Italia control\u00f3 la reacci\u00f3n de los locales y protagoniz\u00f3 el tramo final del encuentro con un imparable Giovinco: el delantero del Toronto forz\u00f3 una tarjeta roja a Huseynov, una amarilla a Medvedev y se top\u00f3 con el larguero con un gran lanzamiento de falta. <strong>Con la victoria, el cuadro dirigido por Antonio Conte certific\u00f3 su acceso a la Euro 2016 como el d\u00e9cimo invitado. <\/strong><\/p>\n<p><iframe loading=\"lazy\" src=\"https:\/\/www.youtube.com\/embed\/Ud4YGhp2AjA\" frameborder=\"0\" allowfullscreen=\"allowfullscreen\"><\/iframe><\/p>\n","protected":false},"excerpt":{"rendered":"<p>Con la mejor exhibici\u00f3n en la era Conte se consigui\u00f3 el \u00e9xito so\u00f1ado <\/p>\n","protected":false},"author":20,"featured_media":321641,"comment_status":"open","ping_status":"open","sticky":false,"template":"","format":"standard","meta":[],"categories":[3839,5951],"tags":[5537,292],"_links":{"self":[{"href":"http:\/\/desarrollo.grupomedios.com\/futbol\/wp-json\/wp\/v2\/posts\/321640"}],"collection":[{"href":"http:\/\/desarrollo.grupomedios.com\/futbol\/wp-json\/wp\/v2\/posts"}],"about":[{"href":"http:\/\/desarrollo.grupomedios.com\/futbol\/wp-json\/wp\/v2\/types\/post"}],"author":[{"embeddable":true,"href":"http:\/\/desarrollo.grupomedios.com\/futbol\/wp-json\/wp\/v2\/users\/20"}],"replies":[{"embeddable":true,"href":"http:\/\/desarrollo.grupomedios.com\/futbol\/wp-json\/wp\/v2\/comments?post=321640"}],"version-history":[{"count":0,"href":"http:\/\/desarrollo.grupomedios.com\/futbol\/wp-json\/wp\/v2\/posts\/321640\/revisions"}],"wp:featuredmedia":[{"embeddable":true,"href":"http:\/\/desarrollo.grupomedios.com\/futbol\/wp-json\/wp\/v2\/media\/321641"}],"wp:attachment":[{"href":"http:\/\/desarrollo.grupomedios.com\/futbol\/wp-json\/wp\/v2\/media?parent=321640"}],"wp:term":[{"taxonomy":"category","embeddable":true,"href":"http:\/\/desarrollo.grupomedios.com\/futbol\/wp-json\/wp\/v2\/categories?post=321640"},{"taxonomy":"post_tag","embeddable":true,"href":"http:\/\/desarrollo.grupomedios.com\/futbol\/wp-json\/wp\/v2\/tags?post=321640"}],"curies":[{"name":"wp","href":"https:\/\/api.w.org\/{rel}","templated":true}]}}