{"id":321789,"date":"2015-10-10T18:54:54","date_gmt":"2015-10-10T23:54:54","guid":{"rendered":"http:\/\/futboltotal.com.mx\/?p=321789"},"modified":"2015-10-10T18:56:32","modified_gmt":"2015-10-10T23:56:32","slug":"golazo-de-hirving-lozano-ante-canada","status":"publish","type":"post","link":"http:\/\/desarrollo.grupomedios.com\/futbol\/videos\/golazo-de-hirving-lozano-ante-canada\/2015\/10","title":{"rendered":"Golazo de Hirving Lozano ante Canad\u00e1"},"content":{"rendered":"<p>La encomienda estaba clara, <a href=\"http:\/\/futboltotal.com.mx\/futbol-mexicano\/seleccion-mexicana\/\" target=\"_blank\"><strong>M\u00e9xico<\/strong> <\/a>ten\u00eda la obligaci\u00f3n de vencer a <strong>Canad\u00e1<\/strong> para conseguir su pase a la Final del Preol\u00edmpico pero sobre todo adjudicarse el boleto a <strong>Rio 2016<\/strong>. Esta meta se consigui\u00f3 gracias al ca\u00f1ozano de <strong>Hirving Lozano<\/strong> que sentenci\u00f3 el triunfo nacional.<\/p>\n<p>Desde el principio, el <em>Tri<\/em>\u00a0domin\u00f3 el compromiso a tal grado que al minuto 5 Erick Torres marc\u00f3 el primero de la tarde. Ante la poca presi\u00f3n de los rivales, la escuadra de Ra\u00fal Guti\u00e9rrez se fue al frente, situaci\u00f3n que capitaliz\u00f3 el <em>Chuky<\/em> que al 56\u2019 fusil\u00f3 al guardameta para poner el 2-0.<\/p>\n<p><iframe loading=\"lazy\" src=\"https:\/\/vine.co\/v\/e0T3ZKXTKdM\/embed\/simple\" frameborder=\"0\"><\/iframe><script src=\"https:\/\/platform.vine.co\/static\/scripts\/embed.js\"><\/script><\/p>\n","protected":false},"excerpt":{"rendered":"<p>El Chuky dobl\u00f3 la ventaja de M\u00e9xico ante Canad\u00e1<\/p>\n","protected":false},"author":20,"featured_media":321790,"comment_status":"open","ping_status":"open","sticky":false,"template":"","format":"standard","meta":[],"categories":[3847,4],"tags":[6220,5979],"_links":{"self":[{"href":"http:\/\/desarrollo.grupomedios.com\/futbol\/wp-json\/wp\/v2\/posts\/321789"}],"collection":[{"href":"http:\/\/desarrollo.grupomedios.com\/futbol\/wp-json\/wp\/v2\/posts"}],"about":[{"href":"http:\/\/desarrollo.grupomedios.com\/futbol\/wp-json\/wp\/v2\/types\/post"}],"author":[{"embeddable":true,"href":"http:\/\/desarrollo.grupomedios.com\/futbol\/wp-json\/wp\/v2\/users\/20"}],"replies":[{"embeddable":true,"href":"http:\/\/desarrollo.grupomedios.com\/futbol\/wp-json\/wp\/v2\/comments?post=321789"}],"version-history":[{"count":0,"href":"http:\/\/desarrollo.grupomedios.com\/futbol\/wp-json\/wp\/v2\/posts\/321789\/revisions"}],"wp:featuredmedia":[{"embeddable":true,"href":"http:\/\/desarrollo.grupomedios.com\/futbol\/wp-json\/wp\/v2\/media\/321790"}],"wp:attachment":[{"href":"http:\/\/desarrollo.grupomedios.com\/futbol\/wp-json\/wp\/v2\/media?parent=321789"}],"wp:term":[{"taxonomy":"category","embeddable":true,"href":"http:\/\/desarrollo.grupomedios.com\/futbol\/wp-json\/wp\/v2\/categories?post=321789"},{"taxonomy":"post_tag","embeddable":true,"href":"http:\/\/desarrollo.grupomedios.com\/futbol\/wp-json\/wp\/v2\/tags?post=321789"}],"curies":[{"name":"wp","href":"https:\/\/api.w.org\/{rel}","templated":true}]}}