{"id":321854,"date":"2015-10-10T20:05:36","date_gmt":"2015-10-11T01:05:36","guid":{"rendered":"http:\/\/futboltotal.com.mx\/?p=321854"},"modified":"2015-10-10T20:07:16","modified_gmt":"2015-10-11T01:07:16","slug":"los-memes-del-mexico-vs-canada","status":"publish","type":"post","link":"http:\/\/desarrollo.grupomedios.com\/futbol\/galerias\/los-memes-del-mexico-vs-canada\/2015\/10","title":{"rendered":"Los Memes del M\u00e9xico vs. Canad\u00e1"},"content":{"rendered":"<p>En un partido de un solo due\u00f1o, <a href=\"http:\/\/futboltotal.com.mx\/2015\/10\/mexico-clasifica-a-los-juegos-olimpicos-de-2016\/\" target=\"_blank\"><strong>M\u00e9xico<\/strong> logr\u00f3 vencer 2-0 a <strong>Canad\u00e1<\/strong><\/a> y con ello accedi\u00f3 a la Final del <strong>Preol\u00edmpico de Conacaf<\/strong> y al mismo tiempo consigui\u00f3 el boleto a los Juegos Ol\u00edmpicos de R\u00edo 2016, donde buscar\u00e1 el bicampeonato. Ante el triunfo, en redes sociales celebraron a trav\u00e9s de los <strong>Memes<\/strong>.<\/p>\n<p>\u00a1A re\u00edr un rato, <em>cracks<\/em>!<\/p>\n<div id=\"galleryAfH\" style=\"display:none;\"><img alt=\"\" src=\"http:\/\/desarrollo.grupomedios.com\/futbol\/wp-content\/uploads\/2015\/10\/memes-mexico-vs-canada-1.jpg\" data-image=\"http:\/\/desarrollo.grupomedios.com\/futbol\/wp-content\/uploads\/2015\/10\/memes-mexico-vs-canada-1.jpg\" data-description=\"memes mexico vs canada 1\"><img alt=\"\" src=\"http:\/\/desarrollo.grupomedios.com\/futbol\/wp-content\/uploads\/2015\/10\/memes-mexico-vs-canada-2.jpg\" data-image=\"http:\/\/desarrollo.grupomedios.com\/futbol\/wp-content\/uploads\/2015\/10\/memes-mexico-vs-canada-2.jpg\" data-description=\"memes mexico vs canada 2\"><img alt=\"\" src=\"http:\/\/desarrollo.grupomedios.com\/futbol\/wp-content\/uploads\/2015\/10\/memes-mexico-vs-canada-3.jpg\" data-image=\"http:\/\/desarrollo.grupomedios.com\/futbol\/wp-content\/uploads\/2015\/10\/memes-mexico-vs-canada-3.jpg\" data-description=\"memes mexico vs canada 3\"><img alt=\"\" src=\"http:\/\/desarrollo.grupomedios.com\/futbol\/wp-content\/uploads\/2015\/10\/memes-mexico-vs-canada-4.jpg\" data-image=\"http:\/\/desarrollo.grupomedios.com\/futbol\/wp-content\/uploads\/2015\/10\/memes-mexico-vs-canada-4.jpg\" data-description=\"memes mexico vs canada 4\"><img alt=\"\" src=\"http:\/\/desarrollo.grupomedios.com\/futbol\/wp-content\/uploads\/2015\/10\/memes-mexico-vs-canada-5.jpg\" data-image=\"http:\/\/desarrollo.grupomedios.com\/futbol\/wp-content\/uploads\/2015\/10\/memes-mexico-vs-canada-5.jpg\" data-description=\"memes mexico vs canada 5\"><img alt=\"\" src=\"http:\/\/desarrollo.grupomedios.com\/futbol\/wp-content\/uploads\/2015\/10\/memes-mexico-vs-canada-6.jpg\" data-image=\"http:\/\/desarrollo.grupomedios.com\/futbol\/wp-content\/uploads\/2015\/10\/memes-mexico-vs-canada-6.jpg\" data-description=\"memes mexico vs canada 6\"><img alt=\"\" src=\"http:\/\/desarrollo.grupomedios.com\/futbol\/wp-content\/uploads\/2015\/10\/memes-mexico-vs-canada-8.jpg\" data-image=\"http:\/\/desarrollo.grupomedios.com\/futbol\/wp-content\/uploads\/2015\/10\/memes-mexico-vs-canada-8.jpg\" data-description=\"memes mexico vs canada 8\"><img alt=\"\" src=\"http:\/\/desarrollo.grupomedios.com\/futbol\/wp-content\/uploads\/2015\/10\/memes-mexico-vs-canada-destacada.jpg\" data-image=\"http:\/\/desarrollo.grupomedios.com\/futbol\/wp-content\/uploads\/2015\/10\/memes-mexico-vs-canada-destacada.jpg\" data-description=\"memes-mexico-vs-canada-destacada\"><\/div>\n        <script>\n        \/\/galeria 1\n        jQuery(document).ready(function(){ \n            var api;\n            api = jQuery(\"#galleryAfH\").unitegallery({\n                carousel_autoplay: false\n            }); \n        });\n        <\/script>\n        \n","protected":false},"excerpt":{"rendered":"<p>En redes sociales celebraron con humor el pase a R\u00edo 2016<\/p>\n","protected":false},"author":20,"featured_media":321862,"comment_status":"open","ping_status":"open","sticky":false,"template":"","format":"standard","meta":[],"categories":[3,3847],"tags":[4949,6220,5979],"_links":{"self":[{"href":"http:\/\/desarrollo.grupomedios.com\/futbol\/wp-json\/wp\/v2\/posts\/321854"}],"collection":[{"href":"http:\/\/desarrollo.grupomedios.com\/futbol\/wp-json\/wp\/v2\/posts"}],"about":[{"href":"http:\/\/desarrollo.grupomedios.com\/futbol\/wp-json\/wp\/v2\/types\/post"}],"author":[{"embeddable":true,"href":"http:\/\/desarrollo.grupomedios.com\/futbol\/wp-json\/wp\/v2\/users\/20"}],"replies":[{"embeddable":true,"href":"http:\/\/desarrollo.grupomedios.com\/futbol\/wp-json\/wp\/v2\/comments?post=321854"}],"version-history":[{"count":0,"href":"http:\/\/desarrollo.grupomedios.com\/futbol\/wp-json\/wp\/v2\/posts\/321854\/revisions"}],"wp:featuredmedia":[{"embeddable":true,"href":"http:\/\/desarrollo.grupomedios.com\/futbol\/wp-json\/wp\/v2\/media\/321862"}],"wp:attachment":[{"href":"http:\/\/desarrollo.grupomedios.com\/futbol\/wp-json\/wp\/v2\/media?parent=321854"}],"wp:term":[{"taxonomy":"category","embeddable":true,"href":"http:\/\/desarrollo.grupomedios.com\/futbol\/wp-json\/wp\/v2\/categories?post=321854"},{"taxonomy":"post_tag","embeddable":true,"href":"http:\/\/desarrollo.grupomedios.com\/futbol\/wp-json\/wp\/v2\/tags?post=321854"}],"curies":[{"name":"wp","href":"https:\/\/api.w.org\/{rel}","templated":true}]}}