{"id":321937,"date":"2015-10-10T21:39:24","date_gmt":"2015-10-11T02:39:24","guid":{"rendered":"http:\/\/futboltotal.com.mx\/?p=321937"},"modified":"2015-10-10T21:44:34","modified_gmt":"2015-10-11T02:44:34","slug":"raul-gutierrez-quiere-titulo-para-seleccion-mexicana","status":"publish","type":"post","link":"http:\/\/desarrollo.grupomedios.com\/futbol\/futbol-mexicano\/seleccion-mexicana\/raul-gutierrez-quiere-titulo-para-seleccion-mexicana\/2015\/10","title":{"rendered":"Ra\u00fal Guti\u00e9rrez quiere t\u00edtulo para Selecci\u00f3n Mexicana"},"content":{"rendered":"<p>Para <strong>Ra\u00fal Guti\u00e9rrez<\/strong>, el camino en este Preol\u00edmpico no ha terminado ya que, ahora con el boleto a los <strong>Juegos Ol\u00edmpicos<\/strong> en la mano, el objetivo del entrenador de la <strong>Selecci\u00f3n Mexicana<\/strong> es ser campe\u00f3n de la CONCACAF el pr\u00f3ximo martes.<\/p>\n<p>A pesar de que el objetivo se ha cumplido, que era buscar el boleto a Rio 2016 para defender el oro conseguido en Londres 2012, el <em>Potro<\/em> espera que su equipo tenga una actuaci\u00f3n redonda, y gane en la final del certamen ante Honduras.<\/p>\n<p>&#8220;Estamos muy contentos, todo lo llevamos por dentro, creo que falta un partido y queremos ser campeones de este torneo&#8221;, coment\u00f3 el timonel.<\/p>\n<p style=\"text-align: center;\"><strong><span style=\"color: #3366ff;\"><a style=\"color: #3366ff;\" href=\"http:\/\/futboltotal.com.mx\/futbol-mexicano\/seleccion-mexicana\/\">LEER M\u00c1S: Toda la informaci\u00f3n de la Selecci\u00f3n Mexicana<\/a><\/span><\/strong><\/p>\n<p>Ya con menos presi\u00f3n por conseguir el pase, <strong>Guti\u00e9rrez<\/strong> se dio el tiempo de felicitar a sus pupilos, ya que sabe, no solo es un triunfo de la <strong>Selecci\u00f3n Mexicana<\/strong>, sino de sus familiares y de la afici\u00f3n mexicana en general.<\/p>\n<p>&#8220;Primero que nada que sepan que estamos muy orgullosos de ellos, no solamente los que estamos aqu\u00ed que trabajamos con ellos, sino toda su gente, toda su familia que los apoya desde M\u00e9xico y creo que han hecho una gran labor y requieren de humildad&#8221;.<\/p>\n<p><strong>Ra\u00fal Guti\u00e9rrez<\/strong> se est\u00e1 acostumbrando a ganar con las selecciones inferiores, ya que a este triunfo en el preol\u00edmpico se suma un campeonato y un subcampeonato mundial con la selecci\u00f3n Sub-17, adem\u00e1s de conseguir los metales de oro y plata en los \u00faltimos Juegos Centroamericanos y Panamericanos, respectivamente.<\/p>\n","protected":false},"excerpt":{"rendered":"<p>El Potro no se conforma con el boleto a R\u00edo 2016<\/p>\n","protected":false},"author":20,"featured_media":321939,"comment_status":"open","ping_status":"open","sticky":false,"template":"","format":"standard","meta":[],"categories":[3847],"tags":[6220,144,5979],"_links":{"self":[{"href":"http:\/\/desarrollo.grupomedios.com\/futbol\/wp-json\/wp\/v2\/posts\/321937"}],"collection":[{"href":"http:\/\/desarrollo.grupomedios.com\/futbol\/wp-json\/wp\/v2\/posts"}],"about":[{"href":"http:\/\/desarrollo.grupomedios.com\/futbol\/wp-json\/wp\/v2\/types\/post"}],"author":[{"embeddable":true,"href":"http:\/\/desarrollo.grupomedios.com\/futbol\/wp-json\/wp\/v2\/users\/20"}],"replies":[{"embeddable":true,"href":"http:\/\/desarrollo.grupomedios.com\/futbol\/wp-json\/wp\/v2\/comments?post=321937"}],"version-history":[{"count":0,"href":"http:\/\/desarrollo.grupomedios.com\/futbol\/wp-json\/wp\/v2\/posts\/321937\/revisions"}],"wp:featuredmedia":[{"embeddable":true,"href":"http:\/\/desarrollo.grupomedios.com\/futbol\/wp-json\/wp\/v2\/media\/321939"}],"wp:attachment":[{"href":"http:\/\/desarrollo.grupomedios.com\/futbol\/wp-json\/wp\/v2\/media?parent=321937"}],"wp:term":[{"taxonomy":"category","embeddable":true,"href":"http:\/\/desarrollo.grupomedios.com\/futbol\/wp-json\/wp\/v2\/categories?post=321937"},{"taxonomy":"post_tag","embeddable":true,"href":"http:\/\/desarrollo.grupomedios.com\/futbol\/wp-json\/wp\/v2\/tags?post=321937"}],"curies":[{"name":"wp","href":"https:\/\/api.w.org\/{rel}","templated":true}]}}