{"id":322093,"date":"2015-10-11T09:47:15","date_gmt":"2015-10-11T14:47:15","guid":{"rendered":"http:\/\/futboltotal.com.mx\/?p=322093"},"modified":"2015-10-11T12:33:19","modified_gmt":"2015-10-11T17:33:19","slug":"checo-perez-finalizo-tercero-en-gran-premio-de-rusia","status":"publish","type":"post","link":"http:\/\/desarrollo.grupomedios.com\/futbol\/destacado-home\/checo-perez-finalizo-tercero-en-gran-premio-de-rusia\/2015\/10","title":{"rendered":"Checo P\u00e9rez finaliz\u00f3 tercero en Gran Premio de Rusia"},"content":{"rendered":"<p>El piloto mexicano, <strong>Sergio Checo P\u00e9rez<\/strong>, <strong>finaliz\u00f3 en la tercera posici\u00f3n en el Gran Premio de Rusia<\/strong>, en Sochi, en lo que represent\u00f3 la 15ta fecha de la temporada en la m\u00e1xima categor\u00eda del automovilismo.<\/p>\n<p>Fue en la \u00faltima vuelta de la carrera que el tapat\u00edo logr\u00f3 el podio despu\u00e9s de que Kimi Raikkonen (Ferrari) embistiera a su compatriota Valtteri Bottas (Williams) quienes un giro antes hab\u00edan logrado pasar a P\u00e9rez, quien resisti\u00f3 muchas vueltas con un set de neum\u00e1ticos blandos muy gastados.<\/p>\n<p><strong>&#8220;Fue una carrera muy dura. Pens\u00e9 que la estrategia nos iba a perjudicar al final. Estuve en el l\u00edmite y fue muy duro cuando Valtteri meti\u00f3 el coche y ya no hubo nada que hacer, dije, &#8216;ya est\u00e1, ahora solo hay que aguantar&#8217;. Cuando veo que chocan, no es que lo que le deseas a nadie, pero merec\u00edamos el podio&#8221;<\/strong>, se\u00f1al\u00f3 <strong>Checo P\u00e9rez<\/strong> al final.<\/p>\n<p style=\"text-align: center;\"><strong><span style=\"color: #3366ff;\"><a style=\"color: #3366ff;\" href=\"http:\/\/futboltotal.com.mx\/no-todo-es-futbol\/\">LEER M\u00c1S: No todos es futbol.<\/a><\/span><\/strong><\/p>\n<p>Fue un justo premio para un equipo que ha pasado por malos momentos financieros en este a\u00f1o, pero que a partir de Silverstone, donde estrenaron su auto B de la temporada, fueron m\u00e1s consistentes en los puntos y en la clasificaci\u00f3n. Este Podio, el \u00fanico de la organizaci\u00f3n en la temporada, representa el enorme trabajo que ha hecho la gente de Force India por sobrevivir. Para Sergio es valioso a los ojos del Paddock de la F-1, lograr el mejor resultado para Force India en lo que va del a\u00f1o.<\/p>\n<p>&#8220;Tenemos que disfrutarlo por que no sabemos cuando volvamos. Hoy nadie se acuerda, pero ha sido una temporada muy dura y le dedico el podio al equipo. Estoy muy feliz y contento de quedarme un a\u00f1o m\u00e1s&#8221;.<\/p>\n<p>La campa\u00f1a pasada, Checo P\u00e9rez tambi\u00e9n logr\u00f3 el \u00fanico podio para Force India, cuando finaliz\u00f3 tercero en Bahr\u00e9in. Para \u00e9l, es su quinto Podio en su carrera en el Gran Circo que tiene su siguiente cita en los Estados Unidos, para despu\u00e9s, aterrizar en la Ciudad de M\u00e9xico, donde miles de fans esperan a su piloto.<\/p>\n<p><iframe loading=\"lazy\" src=\"https:\/\/www.youtube.com\/embed\/kT1cflnUKvs\" frameborder=\"0\" allowfullscreen=\"allowfullscreen\"><\/iframe><\/p>\n","protected":false},"excerpt":{"rendered":"<p>El podio representa el primero para el piloto mexicano en la temporada <\/p>\n","protected":false},"author":20,"featured_media":322094,"comment_status":"open","ping_status":"open","sticky":false,"template":"","format":"standard","meta":[],"categories":[5810,5,5418],"tags":[5480,5493],"_links":{"self":[{"href":"http:\/\/desarrollo.grupomedios.com\/futbol\/wp-json\/wp\/v2\/posts\/322093"}],"collection":[{"href":"http:\/\/desarrollo.grupomedios.com\/futbol\/wp-json\/wp\/v2\/posts"}],"about":[{"href":"http:\/\/desarrollo.grupomedios.com\/futbol\/wp-json\/wp\/v2\/types\/post"}],"author":[{"embeddable":true,"href":"http:\/\/desarrollo.grupomedios.com\/futbol\/wp-json\/wp\/v2\/users\/20"}],"replies":[{"embeddable":true,"href":"http:\/\/desarrollo.grupomedios.com\/futbol\/wp-json\/wp\/v2\/comments?post=322093"}],"version-history":[{"count":0,"href":"http:\/\/desarrollo.grupomedios.com\/futbol\/wp-json\/wp\/v2\/posts\/322093\/revisions"}],"wp:featuredmedia":[{"embeddable":true,"href":"http:\/\/desarrollo.grupomedios.com\/futbol\/wp-json\/wp\/v2\/media\/322094"}],"wp:attachment":[{"href":"http:\/\/desarrollo.grupomedios.com\/futbol\/wp-json\/wp\/v2\/media?parent=322093"}],"wp:term":[{"taxonomy":"category","embeddable":true,"href":"http:\/\/desarrollo.grupomedios.com\/futbol\/wp-json\/wp\/v2\/categories?post=322093"},{"taxonomy":"post_tag","embeddable":true,"href":"http:\/\/desarrollo.grupomedios.com\/futbol\/wp-json\/wp\/v2\/tags?post=322093"}],"curies":[{"name":"wp","href":"https:\/\/api.w.org\/{rel}","templated":true}]}}