{"id":322147,"date":"2015-10-11T12:44:56","date_gmt":"2015-10-11T17:44:56","guid":{"rendered":"http:\/\/futboltotal.com.mx\/?p=322147"},"modified":"2015-10-11T13:22:25","modified_gmt":"2015-10-11T18:22:25","slug":"el-insolito-festejo-de-paul-aguilar-con-la-seleccion-mexicana","status":"publish","type":"post","link":"http:\/\/desarrollo.grupomedios.com\/futbol\/videos\/el-insolito-festejo-de-paul-aguilar-con-la-seleccion-mexicana\/2015\/10","title":{"rendered":"Ins\u00f3lito festejo de Paul Aguilar con Selecci\u00f3n Mexicana"},"content":{"rendered":"<p>El golazo que hizo <strong>Paul Aguilar<\/strong> en el duelo ante Estados Unidos merec\u00eda cualquier clase de locura. Represent\u00f3 un t\u00edtulo ante el rival odiado y sin dudas, <a href=\"http:\/\/futboltotal.com.mx\/2015\/10\/paul-aguilar-no-pense-que-fuera-a-anotar\/\">el mejor tanto de su prol\u00edfica carrera<\/a>.<\/p>\n<p>Cuando todo mundo pensaba que sacar\u00eda uno de sus extra\u00f1os bailes para festejar, su vehemencia y j\u00fabilo lleg\u00f3 a tal magnitud que\u00a0decidi\u00f3 lanzarse contra la publicidad est\u00e1tica sin importar el da\u00f1o del que pudo ser v\u00edctima. El video se ha vuelto viral y es que lo realiz\u00f3 una persona que estaba en primera fila, quiz\u00e1s con la misma felicidad que <strong>Paul Aguilar por el gol de la Selecci\u00f3n Mexicana. <\/strong><\/p>\n<p><iframe loading=\"lazy\" src=\"https:\/\/vine.co\/v\/e0FLeg1OKEd\/embed\/simple\" frameborder=\"0\"><\/iframe><script src=\"https:\/\/platform.vine.co\/static\/scripts\/embed.js\"><\/script><\/p>\n<p><strong>Bien merece la pena incluirlo en el cat\u00e1logo de festejos para la pr\u00f3xima versi\u00f3n del FIFA O PES. <\/strong><\/p>\n<p style=\"text-align: center;\"><strong><span style=\"color: #3366ff;\"><a style=\"color: #3366ff;\" href=\"http:\/\/futboltotal.com.mx\/futbol-mexicano\/seleccion-mexicana\/\">LEER M\u00c1S: Todas las noticias de la Selecci\u00f3n Mexicana.<\/a><\/span><\/strong><\/p>\n","protected":false},"excerpt":{"rendered":"<p>Su manera de celebrar se volvi\u00f3 viral; un fan\u00e1tico grab\u00f3 a nivel cancha el espectacular momento <\/p>\n","protected":false},"author":20,"featured_media":322036,"comment_status":"open","ping_status":"open","sticky":false,"template":"","format":"standard","meta":[],"categories":[3847,4],"tags":[216,5979],"_links":{"self":[{"href":"http:\/\/desarrollo.grupomedios.com\/futbol\/wp-json\/wp\/v2\/posts\/322147"}],"collection":[{"href":"http:\/\/desarrollo.grupomedios.com\/futbol\/wp-json\/wp\/v2\/posts"}],"about":[{"href":"http:\/\/desarrollo.grupomedios.com\/futbol\/wp-json\/wp\/v2\/types\/post"}],"author":[{"embeddable":true,"href":"http:\/\/desarrollo.grupomedios.com\/futbol\/wp-json\/wp\/v2\/users\/20"}],"replies":[{"embeddable":true,"href":"http:\/\/desarrollo.grupomedios.com\/futbol\/wp-json\/wp\/v2\/comments?post=322147"}],"version-history":[{"count":0,"href":"http:\/\/desarrollo.grupomedios.com\/futbol\/wp-json\/wp\/v2\/posts\/322147\/revisions"}],"wp:featuredmedia":[{"embeddable":true,"href":"http:\/\/desarrollo.grupomedios.com\/futbol\/wp-json\/wp\/v2\/media\/322036"}],"wp:attachment":[{"href":"http:\/\/desarrollo.grupomedios.com\/futbol\/wp-json\/wp\/v2\/media?parent=322147"}],"wp:term":[{"taxonomy":"category","embeddable":true,"href":"http:\/\/desarrollo.grupomedios.com\/futbol\/wp-json\/wp\/v2\/categories?post=322147"},{"taxonomy":"post_tag","embeddable":true,"href":"http:\/\/desarrollo.grupomedios.com\/futbol\/wp-json\/wp\/v2\/tags?post=322147"}],"curies":[{"name":"wp","href":"https:\/\/api.w.org\/{rel}","templated":true}]}}