{"id":322168,"date":"2015-10-11T14:01:53","date_gmt":"2015-10-11T19:01:53","guid":{"rendered":"http:\/\/futboltotal.com.mx\/?p=322168"},"modified":"2015-10-11T14:06:57","modified_gmt":"2015-10-11T19:06:57","slug":"albania-consigue-clasificacion-historica-para-euro-2016","status":"publish","type":"post","link":"http:\/\/desarrollo.grupomedios.com\/futbol\/futbol-internacional\/albania-consigue-clasificacion-historica-para-euro-2016\/2015\/10","title":{"rendered":"Albania consigue clasificaci\u00f3n hist\u00f3rica para Euro 2016"},"content":{"rendered":"<p><span style=\"color: #ff0000;\"><strong>Albania sella pasaje in\u00e9dito<\/strong> | \u00a0<span style=\"color: #000000;\">El combinado dirigido por Gianni De Biasi venci\u00f3 con comodidad y asegur\u00f3 su primera clasificaci\u00f3n para un gran torneo. Cumplieron con la misi\u00f3n: vencer en patio ajeno a Armenia y ante el descanso de Dinamarca, la situaci\u00f3n estaba en sus manos. <\/span><\/span><\/p>\n<p><span style=\"color: #ff0000;\"><span style=\"color: #000000;\">Gracias a la gesta en el estadio\u00a0Vazgen Sargsyan anvan Hanrapetakan Marzadasht, \u00a0Albania estar\u00e1 en una Euro por primera vez en su historia. El \u00e9xito de la obra fue privilegiado por Armenia, que inaugur\u00f3 el marcador con un tanto\u00a0<\/span><span style=\"color: #000000;\">en propia puerta de Kamo Hovhannisyan puso por delante a los visitantes.\u00a0<\/span><span style=\"color: #000000;\">Berat Xhimshiti aument\u00f3 la ventaja en la primera parte y\u00a0<\/span><span style=\"color: #000000;\">Armando Sadiku, que sali\u00f3 desde el banquillo, cerr\u00f3 la victoria albanesa.\u00a0<\/span><\/span><\/p>\n<p>La <strong>Euro 2016<\/strong> es un hecho para Albania que se clasific\u00f3 como escolta de Portugal en el sector I con 14 unidades, producto de cuatro victorias, dos igualadas y dos derrotas.<\/p>\n<p><iframe loading=\"lazy\" src=\"https:\/\/www.youtube.com\/embed\/bZ7okCD1Ffw\" frameborder=\"0\" allowfullscreen=\"allowfullscreen\"><\/iframe><\/p>\n<p><span style=\"color: #ff0000;\"><strong>Rumania, otro m\u00e1s que se apunta en tierras galas\u00a0<\/strong>|\u00a0<\/span><span style=\"color: #000000;\">Los rumanos se clasificaron a su quinta Euro. Gracias a\u00a0una c\u00f3moda victoria en Torshavn estar\u00e1n en Francia 2016. El incitador de la revuelta ante Islas Feroe fue\u00a0<\/span><span style=\"color: #000000;\">Constantin Budescu, autor de los primeros dos goles para el combinado de Anghel Iordanescu y fue A<\/span><span style=\"color: #000000;\">lexandru Maxim quien cerr\u00f3 el marcador con el tercer tanto.\u00a0<\/span><\/p>\n<p>El triunfo permiti\u00f3 a Rumania escalar hasta el segundo pelda\u00f1o del bombo F con 20 puntos y \u00fanicamente por debajo de Irlanda del Norte, privilegiado por la costosa derrota de Hungr\u00eda en territorio griego (4-3).<\/p>\n<p><a href=\"http:\/\/futboltotal.com.mx\/wp-content\/uploads\/2015\/10\/Clasificados-Eurocopa-domingo.jpg\"><img decoding=\"async\" loading=\"lazy\" class=\"alignnone size-full wp-image-322177\" src=\"http:\/\/futboltotal.com.mx\/wp-content\/uploads\/2015\/10\/Clasificados-Eurocopa-domingo.jpg\" alt=\"Clasificados-Eurocopa-domingo\" srcset=\"http:\/\/desarrollo.grupomedios.com\/futbol\/wp-content\/uploads\/2015\/10\/Clasificados-Eurocopa-domingo.jpg 1640w, http:\/\/desarrollo.grupomedios.com\/futbol\/wp-content\/uploads\/2015\/10\/Clasificados-Eurocopa-domingo-300x201.jpg 300w, http:\/\/desarrollo.grupomedios.com\/futbol\/wp-content\/uploads\/2015\/10\/Clasificados-Eurocopa-domingo-1024x687.jpg 1024w\" sizes=\"(max-width: 1640px) 100vw, 1640px\" \/><\/a><\/p>\n<p style=\"text-align: center;\"><strong><span style=\"color: #3366ff;\"><a style=\"color: #3366ff;\" href=\"http:\/\/futboltotal.com.mx\/futbol-internacional\/\">LEER M\u00c1S: Todas las noticias de futbol internacional.<\/a><\/span><\/strong><\/p>\n","protected":false},"excerpt":{"rendered":"<p>Se une a otros in\u00e9ditos en esta competici\u00f3n: Islandia, Irlanda del Norte y Gales <\/p>\n","protected":false},"author":20,"featured_media":322169,"comment_status":"open","ping_status":"open","sticky":false,"template":"","format":"standard","meta":[],"categories":[3839,5951],"tags":[6262,6151,5537,6152,1254],"_links":{"self":[{"href":"http:\/\/desarrollo.grupomedios.com\/futbol\/wp-json\/wp\/v2\/posts\/322168"}],"collection":[{"href":"http:\/\/desarrollo.grupomedios.com\/futbol\/wp-json\/wp\/v2\/posts"}],"about":[{"href":"http:\/\/desarrollo.grupomedios.com\/futbol\/wp-json\/wp\/v2\/types\/post"}],"author":[{"embeddable":true,"href":"http:\/\/desarrollo.grupomedios.com\/futbol\/wp-json\/wp\/v2\/users\/20"}],"replies":[{"embeddable":true,"href":"http:\/\/desarrollo.grupomedios.com\/futbol\/wp-json\/wp\/v2\/comments?post=322168"}],"version-history":[{"count":0,"href":"http:\/\/desarrollo.grupomedios.com\/futbol\/wp-json\/wp\/v2\/posts\/322168\/revisions"}],"wp:featuredmedia":[{"embeddable":true,"href":"http:\/\/desarrollo.grupomedios.com\/futbol\/wp-json\/wp\/v2\/media\/322169"}],"wp:attachment":[{"href":"http:\/\/desarrollo.grupomedios.com\/futbol\/wp-json\/wp\/v2\/media?parent=322168"}],"wp:term":[{"taxonomy":"category","embeddable":true,"href":"http:\/\/desarrollo.grupomedios.com\/futbol\/wp-json\/wp\/v2\/categories?post=322168"},{"taxonomy":"post_tag","embeddable":true,"href":"http:\/\/desarrollo.grupomedios.com\/futbol\/wp-json\/wp\/v2\/tags?post=322168"}],"curies":[{"name":"wp","href":"https:\/\/api.w.org\/{rel}","templated":true}]}}