{"id":322237,"date":"2015-10-11T16:25:35","date_gmt":"2015-10-11T21:25:35","guid":{"rendered":"http:\/\/futboltotal.com.mx\/?p=322237"},"modified":"2015-10-11T16:25:35","modified_gmt":"2015-10-11T21:25:35","slug":"gol-de-paul-aguilar-a-lo-tuca","status":"publish","type":"post","link":"http:\/\/desarrollo.grupomedios.com\/futbol\/videos\/gol-de-paul-aguilar-a-lo-tuca\/2015\/10","title":{"rendered":"Gol de Paul Aguilar\u2026 \u00a1A lo Tuca!"},"content":{"rendered":"<p><b>Paul Aguilar<\/b> se despach\u00f3 con un gol espectacular ante <b>Estados Unidos<\/b>. Un tanto que le dio a <b>M\u00e9xico<\/b> el pase a la <b>Copa Confederaciones<\/b>. Pero adem\u00e1s, la magistral ejecuci\u00f3n del lateral <em>azteca<\/em> record\u00f3 una jugada similar del brasile\u00f1o <b>Ricardo Ferretti<\/b>, t\u00e9cnico interino del <i>Tri<\/i>, cuando en sus funciones como entrenador de los <strong>Tigres<\/strong> dio una lecci\u00f3n de c\u00f3mo debe golpearse un bal\u00f3n.<\/p>\n<div id=\"fb-root\"><\/div>\n<p><script>\/\/ <![CDATA[\n(function(d, s, id) {  var js, fjs = d.getElementsByTagName(s)[0];  if (d.getElementById(id)) return;  js = d.createElement(s); js.id = id;  js.src = \"\/\/connect.facebook.net\/es_LA\/sdk.js#xfbml=1&#038;version=v2.3\";  fjs.parentNode.insertBefore(js, fjs);}(document, 'script', 'facebook-jssdk'));\n\/\/ ]]><\/script><\/p>\n<div class=\"fb-video\" data-allowfullscreen=\"1\" data-href=\"\/futboltotalmexico\/videos\/vb.370312573225\/10153236145988226\/?type=3\">\n<div class=\"fb-xfbml-parse-ignore\">\n<blockquote cite=\"https:\/\/www.facebook.com\/futboltotalmexico\/videos\/10153236145988226\/\"><p>\u00a1AHORA LO ENTENDEMOS TODO! Tuca, perd\u00f3nanos si criticamos tus entrenamientos: bit.ly\/1VLJVIi<\/p>\n<p>Posted by <a href=\"https:\/\/www.facebook.com\/futboltotalmexico\">Revista Futbol Total<\/a> on Domingo, 11 de octubre de 2015<\/p><\/blockquote>\n<\/div>\n<\/div>\n","protected":false},"excerpt":{"rendered":"<p>El lateral del Tri emul\u00f3 magistral ejecuci\u00f3n de Ricardo Ferretti<\/p>\n","protected":false},"author":20,"featured_media":322241,"comment_status":"open","ping_status":"open","sticky":false,"template":"","format":"standard","meta":[],"categories":[3847,4],"tags":[216,5979],"_links":{"self":[{"href":"http:\/\/desarrollo.grupomedios.com\/futbol\/wp-json\/wp\/v2\/posts\/322237"}],"collection":[{"href":"http:\/\/desarrollo.grupomedios.com\/futbol\/wp-json\/wp\/v2\/posts"}],"about":[{"href":"http:\/\/desarrollo.grupomedios.com\/futbol\/wp-json\/wp\/v2\/types\/post"}],"author":[{"embeddable":true,"href":"http:\/\/desarrollo.grupomedios.com\/futbol\/wp-json\/wp\/v2\/users\/20"}],"replies":[{"embeddable":true,"href":"http:\/\/desarrollo.grupomedios.com\/futbol\/wp-json\/wp\/v2\/comments?post=322237"}],"version-history":[{"count":0,"href":"http:\/\/desarrollo.grupomedios.com\/futbol\/wp-json\/wp\/v2\/posts\/322237\/revisions"}],"wp:featuredmedia":[{"embeddable":true,"href":"http:\/\/desarrollo.grupomedios.com\/futbol\/wp-json\/wp\/v2\/media\/322241"}],"wp:attachment":[{"href":"http:\/\/desarrollo.grupomedios.com\/futbol\/wp-json\/wp\/v2\/media?parent=322237"}],"wp:term":[{"taxonomy":"category","embeddable":true,"href":"http:\/\/desarrollo.grupomedios.com\/futbol\/wp-json\/wp\/v2\/categories?post=322237"},{"taxonomy":"post_tag","embeddable":true,"href":"http:\/\/desarrollo.grupomedios.com\/futbol\/wp-json\/wp\/v2\/tags?post=322237"}],"curies":[{"name":"wp","href":"https:\/\/api.w.org\/{rel}","templated":true}]}}