{"id":322338,"date":"2015-10-11T20:16:51","date_gmt":"2015-10-12T01:16:51","guid":{"rendered":"http:\/\/futboltotal.com.mx\/?p=322338"},"modified":"2015-10-11T20:16:51","modified_gmt":"2015-10-12T01:16:51","slug":"ponchito-gonzalez-en-la-orbita-del-villarreal","status":"publish","type":"post","link":"http:\/\/desarrollo.grupomedios.com\/futbol\/destacado-home\/ponchito-gonzalez-en-la-orbita-del-villarreal\/2015\/10","title":{"rendered":"Ponchito Gonz\u00e1lez, en la \u00f3rbita del Villarreal"},"content":{"rendered":"<p><b>Alfonso Gonz\u00e1lez<\/b>, jugador del <b>Atlas <\/b>, ha despertado el inter\u00e9s del <b>Villarreal<\/b>, incluso trasciende que en el equipo espa\u00f1ol estudia la posibilidad de contratar al joven mediocampista mexicano en el pr\u00f3ximo <b>mercado de invierno<\/b>.<\/p>\n<p>Seg\u00fan el portal <i>Don Bal\u00f3n<\/i>, <i>Ponchito<\/i> <b>Gonz\u00e1lez<\/b> llegar\u00eda al <b>Villarreal<\/b> en enero del 2016. Adem\u00e1s, el medio espa\u00f1ol agrega que el club valenciano ya habr\u00eda ofrecido 15 millones de euros a la directiva <i>rojinegra<\/i> por el talentoso volante <em>azteca<\/em>, a quien desde hace varios meses siguen los visores del <a href=\"http:\/\/futboltotal.com.mx\/estadisticas\/estadisticas-liga-de-espana\/\">actual l\u00edder de la Liga de Espa\u00f1a<\/a>.<\/p>\n<p style=\"text-align: center;\"><span style=\"color: #3366ff;\"><strong><a style=\"color: #3366ff;\" href=\"http:\/\/futboltotal.com.mx\/2015\/10\/5-joyas-de-exportacion-del-tri-olimpico\/\">LEER M\u00c1S: Joyas de exportaci\u00f3n del Tri Ol\u00edmpico<\/a><\/strong><\/span><\/p>\n<p>Actualmente, <b>Alfonso Gonz\u00e1lez<\/b> se encuentra concentrado con la <b><a href=\"http:\/\/futboltotal.com.mx\/futbol-mexicano\/seleccion-mexicana\/\">Selecci\u00f3n Mexicana Sub-22<\/a><\/b>, que el pasado s\u00e1bado <a href=\"http:\/\/futboltotal.com.mx\/2015\/10\/mexico-clasifica-a-los-juegos-olimpicos-de-2016\/\">consigui\u00f3 el boleto para los Juegos Ol\u00edmpicos de Rio 2016<\/a>.<\/p>\n<p>\u00bf<i>Ponchito<\/i> se encontrar\u00e1 con su compatriota <b>Jonathan dos Santos<\/b> en el <b>Villarreal<\/b>? A saber. Lo cierto es que <b>Alfonso<\/b> <b>Gonz\u00e1lez<\/b> es uno de referente del equipo que dirige Ra\u00fal Guti\u00e9rrez en el <b>Preol\u00edmpico<\/b> y sin duda una de las \u00faltimas perlas surgidas de la cantera del <b>Atlas<\/b>.<\/p>\n<p style=\"text-align: center;\"><span style=\"color: #3366ff;\"><strong><a style=\"color: #3366ff;\" href=\"http:\/\/futboltotal.com.mx\/2015\/10\/tri-olimpico-5-posibles-refuerzos-para-rio-2016\/\">LEER M\u00c1S:\u00a05 posibles refuerzos del\u00a0TRI ol\u00edmpico para R\u00edo 2016<\/a><\/strong><\/span><\/p>\n<p style=\"text-align: left;\">&#8220;<em>Ponchito<\/em> es una de las mayores perlas del futbol mexicano. En 2011 se proclam\u00f3 campe\u00f3n del Mundo Sub-17,\u00a0siendo una de las grandes revelaciones del torneo. Ubicado en el extremo izquierdo o como mediapunta, <strong>Arturo<\/strong> es un hombre capaz de desequilibrar y de romper un partido con su vertiginosa velocidad. No es un hombre que destaque por su facilidad anotadora, s\u00f3lo ha marcado 11 goles en 4 mil 446 minutos en la liga mexicana, pero es un <em>crack<\/em> que abre espacios y que crea muchas oportunidades&#8221;, escribe el medio espa\u00f1ol sobre Gonz\u00e1lez.<\/p>\n","protected":false},"excerpt":{"rendered":"<p>El mediocampista mexicano llegar\u00eda la club espa\u00f1ol en enero del 2016<\/p>\n","protected":false},"author":20,"featured_media":322339,"comment_status":"open","ping_status":"open","sticky":false,"template":"","format":"standard","meta":[],"categories":[5,3839,2198,3844,3845,3847],"tags":[4071,5961,5505,2607],"_links":{"self":[{"href":"http:\/\/desarrollo.grupomedios.com\/futbol\/wp-json\/wp\/v2\/posts\/322338"}],"collection":[{"href":"http:\/\/desarrollo.grupomedios.com\/futbol\/wp-json\/wp\/v2\/posts"}],"about":[{"href":"http:\/\/desarrollo.grupomedios.com\/futbol\/wp-json\/wp\/v2\/types\/post"}],"author":[{"embeddable":true,"href":"http:\/\/desarrollo.grupomedios.com\/futbol\/wp-json\/wp\/v2\/users\/20"}],"replies":[{"embeddable":true,"href":"http:\/\/desarrollo.grupomedios.com\/futbol\/wp-json\/wp\/v2\/comments?post=322338"}],"version-history":[{"count":0,"href":"http:\/\/desarrollo.grupomedios.com\/futbol\/wp-json\/wp\/v2\/posts\/322338\/revisions"}],"wp:featuredmedia":[{"embeddable":true,"href":"http:\/\/desarrollo.grupomedios.com\/futbol\/wp-json\/wp\/v2\/media\/322339"}],"wp:attachment":[{"href":"http:\/\/desarrollo.grupomedios.com\/futbol\/wp-json\/wp\/v2\/media?parent=322338"}],"wp:term":[{"taxonomy":"category","embeddable":true,"href":"http:\/\/desarrollo.grupomedios.com\/futbol\/wp-json\/wp\/v2\/categories?post=322338"},{"taxonomy":"post_tag","embeddable":true,"href":"http:\/\/desarrollo.grupomedios.com\/futbol\/wp-json\/wp\/v2\/tags?post=322338"}],"curies":[{"name":"wp","href":"https:\/\/api.w.org\/{rel}","templated":true}]}}