{"id":322344,"date":"2015-10-11T21:06:46","date_gmt":"2015-10-12T02:06:46","guid":{"rendered":"http:\/\/futboltotal.com.mx\/?p=322344"},"modified":"2015-10-11T21:06:46","modified_gmt":"2015-10-12T02:06:46","slug":"disfrutaremos-final-del-preolimpico-potro-gutierrez","status":"publish","type":"post","link":"http:\/\/desarrollo.grupomedios.com\/futbol\/futbol-mexicano\/seleccion-mexicana\/disfrutaremos-final-del-preolimpico-potro-gutierrez\/2015\/10","title":{"rendered":"Disfrutaremos final del Preol\u00edmpico: Potro Guti\u00e9rrez"},"content":{"rendered":"<p>Ra\u00fal <em>el Potro<\/em> Guti\u00e9rrez, habl\u00f3 sobre el pase obtenido a los <strong>Juegos Ol\u00edmpicos de R\u00edo de Janeiro<\/strong>, y por la final del <strong>Preol\u00edmpico de Concacaf<\/strong> que disputar\u00e1n contra Honduras, a quien enfrentaron en la fase de grupos del certamen.<\/p>\n<p>&#8220;La final es para disfrutarse, para buscar ganarla como siempre lo hemos pensado y ser\u00e1 un rival m\u00e1s complejo&#8221;, se\u00f1al\u00f3 Ra\u00fal Guti\u00e9rrez en conferencia de prensa previo a la final del <strong>Preol\u00edmpico<\/strong>, a disputarse el pr\u00f3ximo martes 13 de octubre a las 20:00 horas.<\/p>\n<p>Honduras presume de haber eliminado a <strong>Estados Unidos<\/strong> del <strong>Preol\u00edmpico de Concacaf<\/strong>, cuando la selecci\u00f3n norteamericana luc\u00eda como la favorita a ganar el certamen. <em>Las Barras y las Estrellas<\/em> tuvieron un s\u00e1bado negro el 10 de octubre, pues quedaron fuera de los <strong>Juegos Ol\u00edmpicos de R\u00edo de Janeiro 2016<\/strong>, y de la <strong>Copa Confederaciones 2017<\/strong>.<\/p>\n<p style=\"text-align: center;\"><span style=\"color: #3366ff;\"><strong><a style=\"color: #3366ff;\" href=\"http:\/\/futboltotal.com.mx\/2015\/10\/mexico-clasifica-a-los-juegos-olimpicos-de-2016\/\" target=\"_blank\">LEER M\u00c1S: Tri clasificado a los Ol\u00edmpicos de R\u00edo de Janeiro 2016<\/a><\/strong><\/span><\/p>\n<p>Adem\u00e1s de eliminar a <strong>Estados Unidos<\/strong>, el cuadro catracho presume de ser el \u00fanico combinado que ha podido hacerle gol a la <strong><a href=\"http:\/\/www.futboltotal.com.mx\/futbol-mexicano\/seleccion-mexicana\/\" target=\"_blank\">Selecci\u00f3n Mexicana<\/a><\/strong>, en todo el certamen. Al respecto, el <em>Potro<\/em> se\u00f1al\u00f3 que ser\u00e1 un juego distinto al visto en la fase de grupos.<\/p>\n<p>&#8220;Va a ser un buen partido, creo que ahora la perspectiva ya cambia de alguna manera, no deja de ser una final, pero esa tension que a veces se genera en este formato que en ocasiones no entiendo, de jugarte todo en un partido, qued\u00f3 atr\u00e1s&#8221;, puntualiz\u00f3 el t\u00e9cnico de <strong>M\u00e9xico<\/strong>.<\/p>\n","protected":false},"excerpt":{"rendered":"<p>El estratega del Tri Sub-22 asegura que est\u00e1n listos para la final, sin presionarse<\/p>\n","protected":false},"author":20,"featured_media":321822,"comment_status":"open","ping_status":"open","sticky":false,"template":"","format":"standard","meta":[],"categories":[3847,5950],"tags":[142,6220,3336],"_links":{"self":[{"href":"http:\/\/desarrollo.grupomedios.com\/futbol\/wp-json\/wp\/v2\/posts\/322344"}],"collection":[{"href":"http:\/\/desarrollo.grupomedios.com\/futbol\/wp-json\/wp\/v2\/posts"}],"about":[{"href":"http:\/\/desarrollo.grupomedios.com\/futbol\/wp-json\/wp\/v2\/types\/post"}],"author":[{"embeddable":true,"href":"http:\/\/desarrollo.grupomedios.com\/futbol\/wp-json\/wp\/v2\/users\/20"}],"replies":[{"embeddable":true,"href":"http:\/\/desarrollo.grupomedios.com\/futbol\/wp-json\/wp\/v2\/comments?post=322344"}],"version-history":[{"count":0,"href":"http:\/\/desarrollo.grupomedios.com\/futbol\/wp-json\/wp\/v2\/posts\/322344\/revisions"}],"wp:featuredmedia":[{"embeddable":true,"href":"http:\/\/desarrollo.grupomedios.com\/futbol\/wp-json\/wp\/v2\/media\/321822"}],"wp:attachment":[{"href":"http:\/\/desarrollo.grupomedios.com\/futbol\/wp-json\/wp\/v2\/media?parent=322344"}],"wp:term":[{"taxonomy":"category","embeddable":true,"href":"http:\/\/desarrollo.grupomedios.com\/futbol\/wp-json\/wp\/v2\/categories?post=322344"},{"taxonomy":"post_tag","embeddable":true,"href":"http:\/\/desarrollo.grupomedios.com\/futbol\/wp-json\/wp\/v2\/tags?post=322344"}],"curies":[{"name":"wp","href":"https:\/\/api.w.org\/{rel}","templated":true}]}}