{"id":322383,"date":"2015-10-12T09:38:15","date_gmt":"2015-10-12T14:38:15","guid":{"rendered":"http:\/\/futboltotal.com.mx\/?p=322383"},"modified":"2015-10-12T09:56:23","modified_gmt":"2015-10-12T14:56:23","slug":"la-cancion-de-ibrahimovic-que-le-valio-un-disco-de-oro","status":"publish","type":"post","link":"http:\/\/desarrollo.grupomedios.com\/futbol\/videos\/la-cancion-de-ibrahimovic-que-le-valio-un-disco-de-oro\/2015\/10","title":{"rendered":"La canci\u00f3n de Ibrahimovic que le vali\u00f3 un disco de oro"},"content":{"rendered":"<p><strong>Zlatan Ibrahimovic<\/strong> no para de conseguir premios por su carrera futbol\u00edstica y ahora tambi\u00e9n por su periplo musical. As\u00ed como lo leen, el crack recibi\u00f3 el <strong>Disco de Oro<\/strong> por su particular interpretaci\u00f3n del himno nacional de Suecia en un anuncio de la firma automovil\u00edstica <em>Volvo<\/em>.<\/p>\n<p>El spot se sale de control y hasta el momento, cuenta con m\u00e1s de cinco millones de visualizaciones en <em>Youtube<\/em><em>. Ibrahimovic es la indiscutible estrella del anuncio del <em>Volvo XC70<\/em> al prestar su voz para la interpretaci\u00f3n de <em>Du gamla du fria<\/em>.<\/p>\n<p>La versi\u00f3n del himno es totalmente nueva y es parte de un remix con una versi\u00f3n rap de la letra, que es casi recitada en su totalidad por el goleador sueco. La voz de <em>Ibra<\/em> es profunda y directa, opinan los expertos, que auguran una prometedora carrera musical al futbolista si decide cambiar de profesi\u00f3n tras el \u00e9xito alcanzado con el anuncio de Volvo.<\/p>\n<p><iframe loading=\"lazy\" src=\"https:\/\/www.youtube.com\/embed\/cbvdzQ7uVPc\" frameborder=\"0\" allowfullscreen><\/iframe><\/p>\n<p>El propio Zlatan pos\u00f3 con su pieza ba\u00f1ada en oro por su \u00e9xito musical. &#8220;Mi premio Disco de Oro por los 3.000.000 de descargas de mi versi\u00f3n del Himno Nacional. Corre el rumor de que es el himno nacional m\u00e1s escuchado jam\u00e1s&#8230; De cualquier manera, es muy bueno&#8221;, escribi\u00f3 Ibrahimovic en su perfil de Instagram.<\/p>\n<blockquote class=\"instagram-media\" data-instgrm-captioned data-instgrm-version=\"5\" style=\" background:#FFF; border:0; border-radius:3px; box-shadow:0 0 1px 0 rgba(0,0,0,0.5),0 1px 10px 0 rgba(0,0,0,0.15); margin: 1px; max-width:500px; padding:0; width:99.375%; width:-webkit-calc(100% - 2px); width:calc(100% - 2px);\">\n<div style=\"padding:8px;\">\n<div style=\" background:#F8F8F8; line-height:0; margin-top:40px; padding:50.0% 0; text-align:center; width:100%;\">\n<div style=\" background:url(data:image\/png;base64,iVBORw0KGgoAAAANSUhEUgAAACwAAAAsCAMAAAApWqozAAAAGFBMVEUiIiI9PT0eHh4gIB4hIBkcHBwcHBwcHBydr+JQAAAACHRSTlMABA4YHyQsM5jtaMwAAADfSURBVDjL7ZVBEgMhCAQBAf\/\/42xcNbpAqakcM0ftUmFAAIBE81IqBJdS3lS6zs3bIpB9WED3YYXFPmHRfT8sgyrCP1x8uEUxLMzNWElFOYCV6mHWWwMzdPEKHlhLw7NWJqkHc4uIZphavDzA2JPzUDsBZziNae2S6owH8xPmX8G7zzgKEOPUoYHvGz1TBCxMkd3kwNVbU0gKHkx+iZILf77IofhrY1nYFnB\/lQPb79drWOyJVa\/DAvg9B\/rLB4cC+Nqgdz\/TvBbBnr6GBReqn\/nRmDgaQEej7WhonozjF+Y2I\/fZou\/qAAAAAElFTkSuQmCC); display:block; height:44px; margin:0 auto -44px; position:relative; top:-22px; width:44px;\"><\/div>\n<\/div>\n<p style=\" margin:8px 0 0 0; padding:0 4px;\"> <a href=\"https:\/\/instagram.com\/p\/8u96_vx02v\/\" style=\" color:#000; font-family:Arial,sans-serif; font-size:14px; font-style:normal; font-weight:normal; line-height:17px; text-decoration:none; word-wrap:break-word;\" target=\"_blank\">My Gold Record Award for 3 000 000 Swedish streams of my version of the National anthem. Rumour has it that it\u2019s the most streamed national anthem ever\u2026 Either way, it\u2019s pretty cool.<\/a><\/p>\n<p style=\" color:#c9c8cd; font-family:Arial,sans-serif; font-size:14px; line-height:17px; margin-bottom:0; margin-top:8px; overflow:hidden; padding:8px 0 7px; text-align:center; text-overflow:ellipsis; white-space:nowrap;\">A photo posted by IAmZlatan (@iamzlatanibrahimovic) on <time style=\" font-family:Arial,sans-serif; font-size:14px; line-height:17px;\" datetime=\"2015-10-12T10:16:49+00:00\">Oct 12, 2015 at 3:16am PDT<\/time><\/p>\n<\/div>\n<\/blockquote>\n<p><script async defer src=\"\/\/platform.instagram.com\/en_US\/embeds.js\"><\/script><\/p>\n<p style=\"text-align: center;\"><strong><span style=\"color: #3366ff;\"><a style=\"color: #3366ff;\" href=\"http:\/\/futboltotal.com.mx\/?s=ibrahimovic\">LEER M\u00c1S: Todas las noticias de Zlatan Ibrahimovic<\/a>.<\/span><\/strong><\/p>\n","protected":false},"excerpt":{"rendered":"<p>El crack sueco se volvi\u00f3 tambi\u00e9n un fen\u00f3meno de la m\u00fasica <\/p>\n","protected":false},"author":20,"featured_media":322384,"comment_status":"open","ping_status":"open","sticky":false,"template":"","format":"standard","meta":[],"categories":[3839,4],"tags":[2264,6059],"_links":{"self":[{"href":"http:\/\/desarrollo.grupomedios.com\/futbol\/wp-json\/wp\/v2\/posts\/322383"}],"collection":[{"href":"http:\/\/desarrollo.grupomedios.com\/futbol\/wp-json\/wp\/v2\/posts"}],"about":[{"href":"http:\/\/desarrollo.grupomedios.com\/futbol\/wp-json\/wp\/v2\/types\/post"}],"author":[{"embeddable":true,"href":"http:\/\/desarrollo.grupomedios.com\/futbol\/wp-json\/wp\/v2\/users\/20"}],"replies":[{"embeddable":true,"href":"http:\/\/desarrollo.grupomedios.com\/futbol\/wp-json\/wp\/v2\/comments?post=322383"}],"version-history":[{"count":0,"href":"http:\/\/desarrollo.grupomedios.com\/futbol\/wp-json\/wp\/v2\/posts\/322383\/revisions"}],"wp:featuredmedia":[{"embeddable":true,"href":"http:\/\/desarrollo.grupomedios.com\/futbol\/wp-json\/wp\/v2\/media\/322384"}],"wp:attachment":[{"href":"http:\/\/desarrollo.grupomedios.com\/futbol\/wp-json\/wp\/v2\/media?parent=322383"}],"wp:term":[{"taxonomy":"category","embeddable":true,"href":"http:\/\/desarrollo.grupomedios.com\/futbol\/wp-json\/wp\/v2\/categories?post=322383"},{"taxonomy":"post_tag","embeddable":true,"href":"http:\/\/desarrollo.grupomedios.com\/futbol\/wp-json\/wp\/v2\/tags?post=322383"}],"curies":[{"name":"wp","href":"https:\/\/api.w.org\/{rel}","templated":true}]}}