{"id":322502,"date":"2015-10-12T15:10:20","date_gmt":"2015-10-12T20:10:20","guid":{"rendered":"http:\/\/futboltotal.com.mx\/?p=322502"},"modified":"2015-12-10T14:21:58","modified_gmt":"2015-12-10T20:21:58","slug":"dorsal-22-en-mexico-deja-huella-con-golazos","status":"publish","type":"post","link":"http:\/\/desarrollo.grupomedios.com\/futbol\/destacado-home\/dorsal-22-en-mexico-deja-huella-con-golazos\/2015\/10","title":{"rendered":"Dorsal 22 en M\u00e9xico, deja huella con golazos"},"content":{"rendered":"<p>Paul Aguilar marc\u00f3 un golazo en el triunfo de <strong>M\u00e9xico<\/strong> sobre Estados Unidos en el duelo por el pase a la Copa Confederaciones. El mejor lateral derecho del pa\u00eds porta el dorsal <strong>22<\/strong> con la selecci\u00f3n, y ese tanto le permitir\u00e1 al <em>Tri<\/em> acudir a Rusia en 2017.<\/p>\n<p>Pero Paul Aguilar no es el \u00fanico en portar el <strong>22<\/strong> en su camiseta, que ha marcado un golazo para <strong>M\u00e9xico<\/strong>, y que encima, contribuy\u00f3 a que el <em>Tri<\/em> tuviese una victoria significativa sobre su correspondiente adversario.<\/p>\n<p style=\"text-align: center;\"><span style=\"color: #3366ff;\"><strong><a style=\"color: #3366ff;\" href=\"http:\/\/futboltotal.com.mx\/2015\/10\/selecciones-clasificadas-a-la-copa-confederaciones-2017\/\" target=\"_blank\">LEER M\u00c1S: Adem\u00e1s de M\u00e9xico, \u00bfQui\u00e9n m\u00e1s est\u00e1 clasificado a Confederaciones?<\/a><\/strong><\/span><\/p>\n<p>A continuaci\u00f3n, dejamos a un p\u00f3ker de futbolistas que dejaron huella usando el dorsal 22 con la <strong><a href=\"http:\/\/www.futboltotal.com.mx\/futbol-mexicano\/seleccion-mexicana\/\" target=\"_blank\">Selecci\u00f3n de M\u00e9xico<\/a><\/strong>.<\/p>\n<p><strong>Manuel Negrete |<\/strong> El mediocampista es recordado por hacer uno de los mejores goles en la historia de los mundiales y del estadio Azteca, pues durante el Mundial de <strong>M\u00e9xico 1986<\/strong>, Negrete, con el<strong> 22<\/strong> en la espalda, se lanz\u00f3 de tijera para perforar la puerta de Bulgaria y encaminar al <em>Tri<\/em> a los cuartos de final de aquella justa.<\/p>\n<p><iframe loading=\"lazy\" src=\"https:\/\/www.youtube.com\/embed\/nzgxThtwUHM\" frameborder=\"0\" allowfullscreen=\"allowfullscreen\"><\/iframe><\/p>\n<p><strong>Ra\u00fal Jim\u00e9nez |<\/strong> El entonces delantero del Am\u00e9rica, ingres\u00f3 de cambio en el duelo entre <strong>M\u00e9xico<\/strong> y Panam\u00e1, correspondiente a la Eliminatoria rumbo a Brasil 2014; el <em>Tri<\/em> se encontraba en aprietos en aquel cotejo, pero una chilena del ariete que usaba el dorsal <strong>22<\/strong>, sell\u00f3 la victoria de la selecci\u00f3n.<\/p>\n<p><iframe loading=\"lazy\" src=\"https:\/\/www.youtube.com\/embed\/I6_K38uYm70\" frameborder=\"0\" allowfullscreen=\"allowfullscreen\"><\/iframe><\/p>\n<p><strong>Paul Aguilar |<\/strong> El lateral de las \u00c1guilas presume de ser actualmente el mejor futbolista mexicano en su posici\u00f3n, y con el <em>Tri<\/em>, eligi\u00f3 usar el <strong>22<\/strong> con el que ha sido titular del combinado nacional. En la agon\u00eda del encuentro ante Estados Unidos, decidi\u00f3 prender el bal\u00f3n cuando bajaba, luego de un pase de Jim\u00e9nez, y le dio el triunfo anhelado a <strong>M\u00e9xico<\/strong> en el Rose Bowl de Pasadena.<\/p>\n<p><iframe loading=\"lazy\" src=\"https:\/\/www.youtube.com\/embed\/AyQ4KRVhQ8o\" frameborder=\"0\" allowfullscreen=\"allowfullscreen\"><\/iframe><\/p>\n<p><strong>Alberto Medina |<\/strong> A esta tercia genuina, le colocamos un futbolista n\u00famero <strong>22<\/strong> extra, que es ocupado por el <em>Venado<\/em> Medina, quien, aunque no meti\u00f3 un gol tan espectacular en forma, lo fue en la emotividad; pues tras soberbio pase de Cuauht\u00e9moc Blanco fusil\u00f3 a Gianluigi Buffon en el \u00faltimo juego de preparaci\u00f3n de <strong>M\u00e9xico<\/strong> rumbo al Mundial de Sud\u00e1frica 2010.<\/p>\n<p>Con ese tanto, el <em>Tri<\/em> venci\u00f3 a Italia y sent\u00f3 la ca\u00edda del combinado del mediterr\u00e1neo en la justa africana.<\/p>\n<p><iframe loading=\"lazy\" src=\"https:\/\/www.youtube.com\/embed\/XiVj6T6Nbpg\" frameborder=\"0\" allowfullscreen=\"allowfullscreen\"><\/iframe><\/p>\n","protected":false},"excerpt":{"rendered":"<p>Un poker de futbolistas marcaron goles memorables para el Tri<\/p>\n","protected":false},"author":20,"featured_media":322525,"comment_status":"open","ping_status":"open","sticky":false,"template":"","format":"standard","meta":[],"categories":[5,2198,3847],"tags":[142,216],"_links":{"self":[{"href":"http:\/\/desarrollo.grupomedios.com\/futbol\/wp-json\/wp\/v2\/posts\/322502"}],"collection":[{"href":"http:\/\/desarrollo.grupomedios.com\/futbol\/wp-json\/wp\/v2\/posts"}],"about":[{"href":"http:\/\/desarrollo.grupomedios.com\/futbol\/wp-json\/wp\/v2\/types\/post"}],"author":[{"embeddable":true,"href":"http:\/\/desarrollo.grupomedios.com\/futbol\/wp-json\/wp\/v2\/users\/20"}],"replies":[{"embeddable":true,"href":"http:\/\/desarrollo.grupomedios.com\/futbol\/wp-json\/wp\/v2\/comments?post=322502"}],"version-history":[{"count":0,"href":"http:\/\/desarrollo.grupomedios.com\/futbol\/wp-json\/wp\/v2\/posts\/322502\/revisions"}],"wp:featuredmedia":[{"embeddable":true,"href":"http:\/\/desarrollo.grupomedios.com\/futbol\/wp-json\/wp\/v2\/media\/322525"}],"wp:attachment":[{"href":"http:\/\/desarrollo.grupomedios.com\/futbol\/wp-json\/wp\/v2\/media?parent=322502"}],"wp:term":[{"taxonomy":"category","embeddable":true,"href":"http:\/\/desarrollo.grupomedios.com\/futbol\/wp-json\/wp\/v2\/categories?post=322502"},{"taxonomy":"post_tag","embeddable":true,"href":"http:\/\/desarrollo.grupomedios.com\/futbol\/wp-json\/wp\/v2\/tags?post=322502"}],"curies":[{"name":"wp","href":"https:\/\/api.w.org\/{rel}","templated":true}]}}