{"id":322518,"date":"2015-10-12T17:38:28","date_gmt":"2015-10-12T22:38:28","guid":{"rendered":"http:\/\/futboltotal.com.mx\/?p=322518"},"modified":"2015-10-12T17:56:01","modified_gmt":"2015-10-12T22:56:01","slug":"el-liverpool-desata-la-kloppmania","status":"publish","type":"post","link":"http:\/\/desarrollo.grupomedios.com\/futbol\/futbol-internacional\/el-liverpool-desata-la-kloppmania\/2015\/10","title":{"rendered":"El Liverpool desata la &#8216;Kloppman\u00eda&#8217;"},"content":{"rendered":"<p>La fiebre por la llegada de <strong>J\u00fcrgen Klopp<\/strong> a la direcci\u00f3n t\u00e9cnica del <strong>Liverpool<\/strong> invade Anfield y es la inspiraci\u00f3n para la nueva colecci\u00f3n de art\u00edculos del equipo llamada <em>Klopp Collection. <\/em>El conjunto londinense ya dio una prueba de los art\u00edculos que desde ahora est\u00e1n en pre-venta a trav\u00e9s de la tienda virtual del club.<\/p>\n<p>Despu\u00e9s de haber nombrado a <strong>Klopp <\/strong>como nuevo entrenador el pasado viernes, los <em>Reds<\/em> han sacado del horno algunos productos sobre el t\u00e9cnico alem\u00e1n, quien tras aceptar propuesta del equipo dio el s\u00ed para crear &#8220;una marca reconocida en el futbol y sobre todo para los aficionados del club&#8221;.<\/p>\n<p>El primero de los productos es una camiseta de manga corta -disponible en blano y rojo- cuyo estampado frontal tiene la infalible gorra que tanto agrada al t\u00e9cnico y las gafas de pasta que luce como parte de su personalidad. Esta prensa ser\u00e1 la favorita de la gran mayor\u00eda, pues debajo del rostro invisible luce la frase con la que <em>Klopp<\/em>o se defini\u00f3 a s\u00ed mismo durante su presentaci\u00f3n en Anfield: &#8220;The normal one&#8221;.<\/p>\n<p><a href=\"http:\/\/futboltotal.com.mx\/wp-content\/uploads\/2015\/10\/Kloppo-1.jpg\"><img decoding=\"async\" loading=\"lazy\" class=\"alignnone size-full wp-image-322552\" src=\"http:\/\/futboltotal.com.mx\/wp-content\/uploads\/2015\/10\/Kloppo-1.jpg\" alt=\"Kloppo-1\" \/><\/a>Otro de los dise\u00f1os de la colecci\u00f3n incluye una camiseta con una caricatura muy peculiar de <strong>Klopp, sonriente <\/strong>y encima de la leyenda del club <em>You\u00b4ll Never Walk Alone. <\/em>El precio de las playeras ronda los 15 libras esterlinas. Aun no se sabe si el club retirar\u00e1 de la tienda las prendas que llevaban inscritos el nombre del exentrenador Brendan Rodgers.<a href=\"http:\/\/futboltotal.com.mx\/wp-content\/uploads\/2015\/10\/Klopp-2.jpg\"><img decoding=\"async\" loading=\"lazy\" class=\"alignnone size-full wp-image-322553\" src=\"http:\/\/futboltotal.com.mx\/wp-content\/uploads\/2015\/10\/Klopp-2.jpg\" alt=\"Klopp-2\" \/><\/a>Hay otros art\u00edculos que el equipo califica en su p\u00e1gina web como &#8220;imprescindibles&#8221;, entre ellos, un bander\u00edn del timonel con el mismo dise\u00f1o que utilizaron en la camiseta anterior, tazas, pads para <em>mouse<\/em> y<em> stickers,<\/em> con los cuales el Liverpool pretende r<span id=\"result_box\" class=\"\" lang=\"es\"><span title=\"Club chiefs are believed to be confident that the Klopp merchandise will bring a dose of good natured humour and renewed passion to the home of anyone that purchases it, even if expectations for the quality of said memorabilia are almost impossibly high. \">enovar la pasi\u00f3n por el club y destar la &#8216;Kloppman\u00eda&#8217;.<\/span><\/span><a href=\"http:\/\/futboltotal.com.mx\/wp-content\/uploads\/2015\/10\/Kloppo-3.jpg\"><img decoding=\"async\" loading=\"lazy\" class=\"alignnone size-full wp-image-322554\" src=\"http:\/\/futboltotal.com.mx\/wp-content\/uploads\/2015\/10\/Kloppo-3.jpg\" alt=\"Kloppo-3\" \/><\/a><\/p>\n","protected":false},"excerpt":{"rendered":"<p>El t\u00e9cnico alem\u00e1n ya tiene una colecci\u00f3n \u00fanica de art\u00edculos para reanimar a la afici\u00f3n del club<\/p>\n","protected":false},"author":20,"featured_media":322549,"comment_status":"open","ping_status":"open","sticky":false,"template":"","format":"standard","meta":[],"categories":[3839,3846,5951],"tags":[2863,5989],"_links":{"self":[{"href":"http:\/\/desarrollo.grupomedios.com\/futbol\/wp-json\/wp\/v2\/posts\/322518"}],"collection":[{"href":"http:\/\/desarrollo.grupomedios.com\/futbol\/wp-json\/wp\/v2\/posts"}],"about":[{"href":"http:\/\/desarrollo.grupomedios.com\/futbol\/wp-json\/wp\/v2\/types\/post"}],"author":[{"embeddable":true,"href":"http:\/\/desarrollo.grupomedios.com\/futbol\/wp-json\/wp\/v2\/users\/20"}],"replies":[{"embeddable":true,"href":"http:\/\/desarrollo.grupomedios.com\/futbol\/wp-json\/wp\/v2\/comments?post=322518"}],"version-history":[{"count":0,"href":"http:\/\/desarrollo.grupomedios.com\/futbol\/wp-json\/wp\/v2\/posts\/322518\/revisions"}],"wp:featuredmedia":[{"embeddable":true,"href":"http:\/\/desarrollo.grupomedios.com\/futbol\/wp-json\/wp\/v2\/media\/322549"}],"wp:attachment":[{"href":"http:\/\/desarrollo.grupomedios.com\/futbol\/wp-json\/wp\/v2\/media?parent=322518"}],"wp:term":[{"taxonomy":"category","embeddable":true,"href":"http:\/\/desarrollo.grupomedios.com\/futbol\/wp-json\/wp\/v2\/categories?post=322518"},{"taxonomy":"post_tag","embeddable":true,"href":"http:\/\/desarrollo.grupomedios.com\/futbol\/wp-json\/wp\/v2\/tags?post=322518"}],"curies":[{"name":"wp","href":"https:\/\/api.w.org\/{rel}","templated":true}]}}