{"id":322594,"date":"2015-10-12T18:55:09","date_gmt":"2015-10-12T23:55:09","guid":{"rendered":"http:\/\/futboltotal.com.mx\/?p=322594"},"modified":"2015-10-12T18:55:09","modified_gmt":"2015-10-12T23:55:09","slug":"chamanes-peruanos-maldicen-a-alexis-sanchez","status":"publish","type":"post","link":"http:\/\/desarrollo.grupomedios.com\/futbol\/videos\/chamanes-peruanos-maldicen-a-alexis-sanchez\/2015\/10","title":{"rendered":"Chamanes peruanos maldicen a Alexis S\u00e1nchez"},"content":{"rendered":"<p>En los \u00faltimos tres encuentros <strong>Alexis S\u00e1nchez<\/strong> dej\u00f3 clara su contundencia frente al arco rival mientras viste la camiseta de <strong>Chile<\/strong>; por ello de cara al duelo con <strong>Per\u00fa<\/strong>, algunos chamanes incas realizaron un ritual para maldecir al <em>Ni\u00f1o Maravilla<\/em> para que tenga la punter\u00eda chueca<\/p>\n<p>Este martes, la <em>Roja<\/em> se medir\u00e1 con el combinado peruano en la segunda jornada de las eliminatorias mundialistas de Conmebol.<\/p>\n<p><iframe loading=\"lazy\" src=\"https:\/\/www.youtube.com\/embed\/4fddpsSDnhQ\" frameborder=\"0\" allowfullscreen=\"allowfullscreen\"><\/iframe><\/p>\n","protected":false},"excerpt":{"rendered":"<p>Los peruanos quieren una pobre actuaci\u00f3n del chileno <\/p>\n","protected":false},"author":20,"featured_media":322597,"comment_status":"open","ping_status":"open","sticky":false,"template":"","format":"standard","meta":[],"categories":[3839,4],"tags":[6053,6274],"_links":{"self":[{"href":"http:\/\/desarrollo.grupomedios.com\/futbol\/wp-json\/wp\/v2\/posts\/322594"}],"collection":[{"href":"http:\/\/desarrollo.grupomedios.com\/futbol\/wp-json\/wp\/v2\/posts"}],"about":[{"href":"http:\/\/desarrollo.grupomedios.com\/futbol\/wp-json\/wp\/v2\/types\/post"}],"author":[{"embeddable":true,"href":"http:\/\/desarrollo.grupomedios.com\/futbol\/wp-json\/wp\/v2\/users\/20"}],"replies":[{"embeddable":true,"href":"http:\/\/desarrollo.grupomedios.com\/futbol\/wp-json\/wp\/v2\/comments?post=322594"}],"version-history":[{"count":0,"href":"http:\/\/desarrollo.grupomedios.com\/futbol\/wp-json\/wp\/v2\/posts\/322594\/revisions"}],"wp:featuredmedia":[{"embeddable":true,"href":"http:\/\/desarrollo.grupomedios.com\/futbol\/wp-json\/wp\/v2\/media\/322597"}],"wp:attachment":[{"href":"http:\/\/desarrollo.grupomedios.com\/futbol\/wp-json\/wp\/v2\/media?parent=322594"}],"wp:term":[{"taxonomy":"category","embeddable":true,"href":"http:\/\/desarrollo.grupomedios.com\/futbol\/wp-json\/wp\/v2\/categories?post=322594"},{"taxonomy":"post_tag","embeddable":true,"href":"http:\/\/desarrollo.grupomedios.com\/futbol\/wp-json\/wp\/v2\/tags?post=322594"}],"curies":[{"name":"wp","href":"https:\/\/api.w.org\/{rel}","templated":true}]}}