{"id":322615,"date":"2015-10-12T19:36:34","date_gmt":"2015-10-13T00:36:34","guid":{"rendered":"http:\/\/futboltotal.com.mx\/?p=322615"},"modified":"2015-10-12T19:41:24","modified_gmt":"2015-10-13T00:41:24","slug":"10-grandes-goles-en-la-historia-del-america","status":"publish","type":"post","link":"http:\/\/desarrollo.grupomedios.com\/futbol\/videos\/10-grandes-goles-en-la-historia-del-america\/2015\/10","title":{"rendered":"10 grandes goles en la historia del Am\u00e9rica"},"content":{"rendered":"<p>Este 12 de octubre se celebran 99 a\u00f1os del <strong>Am\u00e9rica<\/strong>, el club m\u00e1s ganador de la Liga MX, por ello en Futbol Total, le rendimos homenaje a las <em>\u00c1guilas<\/em> con <strong>10 grandes goles<\/strong> de su historia. \u00bfEst\u00e1n de acuerdo con la selecci\u00f3n, <em>cracks<\/em>?<\/p>\n<p style=\"text-align: center;\"><span style=\"color: #3366ff;\"><strong><a style=\"color: #3366ff;\" href=\"http:\/\/futboltotal.com.mx\/2015\/10\/el-11-historico-del-america-2\/\" target=\"_blank\">LEER M\u00c1S: El 11 hist\u00f3rico del Am\u00e9rica\u00a0<\/a><\/strong><\/span><\/p>\n<p>[video_player]https:\/\/player.vimeo.com\/external\/142199600.sd.mp4?s=5a1ce55d6e4d0213b2315a38fd14b4cb&amp;profile_id=112[\/video_player]<\/p>\n","protected":false},"excerpt":{"rendered":"<p>Rendimos tributo al cumplea\u00f1os de las \u00c1guilas, con tantos de alto calibre<\/p>\n","protected":false},"author":20,"featured_media":322620,"comment_status":"open","ping_status":"open","sticky":false,"template":"","format":"standard","meta":[],"categories":[2198,3845,4],"tags":[5959,6248],"_links":{"self":[{"href":"http:\/\/desarrollo.grupomedios.com\/futbol\/wp-json\/wp\/v2\/posts\/322615"}],"collection":[{"href":"http:\/\/desarrollo.grupomedios.com\/futbol\/wp-json\/wp\/v2\/posts"}],"about":[{"href":"http:\/\/desarrollo.grupomedios.com\/futbol\/wp-json\/wp\/v2\/types\/post"}],"author":[{"embeddable":true,"href":"http:\/\/desarrollo.grupomedios.com\/futbol\/wp-json\/wp\/v2\/users\/20"}],"replies":[{"embeddable":true,"href":"http:\/\/desarrollo.grupomedios.com\/futbol\/wp-json\/wp\/v2\/comments?post=322615"}],"version-history":[{"count":0,"href":"http:\/\/desarrollo.grupomedios.com\/futbol\/wp-json\/wp\/v2\/posts\/322615\/revisions"}],"wp:featuredmedia":[{"embeddable":true,"href":"http:\/\/desarrollo.grupomedios.com\/futbol\/wp-json\/wp\/v2\/media\/322620"}],"wp:attachment":[{"href":"http:\/\/desarrollo.grupomedios.com\/futbol\/wp-json\/wp\/v2\/media?parent=322615"}],"wp:term":[{"taxonomy":"category","embeddable":true,"href":"http:\/\/desarrollo.grupomedios.com\/futbol\/wp-json\/wp\/v2\/categories?post=322615"},{"taxonomy":"post_tag","embeddable":true,"href":"http:\/\/desarrollo.grupomedios.com\/futbol\/wp-json\/wp\/v2\/tags?post=322615"}],"curies":[{"name":"wp","href":"https:\/\/api.w.org\/{rel}","templated":true}]}}