{"id":322751,"date":"2015-10-13T16:05:53","date_gmt":"2015-10-13T21:05:53","guid":{"rendered":"http:\/\/futboltotal.com.mx\/?p=322751"},"modified":"2015-10-13T16:05:53","modified_gmt":"2015-10-13T21:05:53","slug":"dario-benedetto-le-apunta-a-la-seleccion-mexicana","status":"publish","type":"post","link":"http:\/\/desarrollo.grupomedios.com\/futbol\/futbol-mexicano\/dario-benedetto-le-apunta-a-la-seleccion-mexicana\/2015\/10","title":{"rendered":"Dar\u00edo Benedetto le apunta a la Selecci\u00f3n Mexicana"},"content":{"rendered":"<p><strong>Dar\u00edo Benedetto<\/strong> le apunta a la <strong><a href=\"http:\/\/futboltotal.com.mx\/futbol-mexicano\/seleccion-mexicana\/\">Selecci\u00f3n Mexicana<\/a><\/strong>. <a href=\"http:\/\/futboltotal.com.mx\/2015\/10\/dario-benedetto-ya-es-mexicano\/\">La semana pasada, el delantero argentino recibi\u00f3 su carta de naturalizaci\u00f3n que lo acredita como mexicano<\/a>. Y desde ahora asegura que luchar\u00e1 para aparecer en las pr\u00f3ximas convocatorias del <em>Tri<\/em>.<\/p>\n<p>\u201cEs un objetivo clar\u00edsimo que tengo\u201d, sentenci\u00f3 <strong>Dar\u00edo Benedetto<\/strong>, jugador de las <em>\u00c1guilas<\/em> del Am\u00e9rica, sobre la posibilidad de ser llamado al combinado nacional de M\u00e9xico.<\/p>\n<p style=\"text-align: center;\"><span style=\"color: #3366ff;\"><strong><a style=\"color: #3366ff;\" href=\"http:\/\/futboltotal.com.mx\/2015\/10\/dorsal-22-en-mexico-deja-huella-con-golazos\/\">LEER M\u00c1S: Dorsal 22 en M\u00e9xico, deja huella con golazos<\/a><\/strong><\/span><\/p>\n<p>\u201cEs un objetivo clar\u00edsimo que tengo, ojal\u00e1 que en alg\u00fan momento se pueda dar. Lo tengo siempre presente, la verdad que para m\u00ed ser\u00eda un orgullo. Tengo que seguir rindiendo dentro de la cancha para que vean que realmente estoy para jugar en una selecci\u00f3n\u201d, expres\u00f3 <strong>Dar\u00edo Benedetto<\/strong> en entrevista con <em>Mediotiempo<\/em>.<\/p>\n<p>Sin empacho, el delantero argentino -ahora naturalizado mexicano- se agrega entonces, formalmente, al grupo de seleccionables que tendr\u00e1 el nuevo entrenador de la <strong><a href=\"http:\/\/futboltotal.com.mx\/futbol-mexicano\/seleccion-mexicana\/\">Selecci\u00f3n Mexicana<\/a><\/strong>, el colombiano Juan Carlos Osorio, a su disposici\u00f3n.<\/p>\n<p style=\"text-align: center;\"><span style=\"color: #3366ff;\"><strong><a style=\"color: #3366ff;\" href=\"http:\/\/futboltotal.com.mx\/2015\/10\/ricardo-ferretti-recibio-premio\/\">LEER M\u00c1S: Ferretti recibir\u00e1 premio econ\u00f3mico por pase a Confederaciones<\/a>\u00a0<\/strong><\/span><\/p>\n<p>\u201cAl estar naturalizado se abre la puerta y puedo jugar en la selecci\u00f3n. Pero eso depende de m\u00ed, tengo que demostrarlo en todos los partidos que juegue, as\u00ed que trabajo en eso. Me siento para pelear al t\u00fa por t\u00fa\u201d, indic\u00f3 el artillero en entrevista para <em>R\u00e9cord<\/em>.<\/p>\n<p>Con 25 a\u00f1os y 43 goles en todas las competencias tras arribar a M\u00e9xico en el 2013, <strong>Dar\u00edo Benedetto<\/strong> es uno de los goleadores m\u00e1s efectivos que posee la Liga MX, y se presenta como opci\u00f3n en un \u00e1rea en donde la <strong><a href=\"http:\/\/futboltotal.com.mx\/futbol-mexicano\/seleccion-mexicana\/\">Selecci\u00f3n Mexicana<\/a> <\/strong>cuenta con elementos como Javier Hern\u00e1ndez, Ra\u00fal Jim\u00e9nez, Carlos Vela, Oribe Peralta y Tecatito Corona.<\/p>\n","protected":false},"excerpt":{"rendered":"<p>\u201cEs un objetivo clar\u00edsimo que tengo\u201d, sentenci\u00f3 el delantero argentino<\/p>\n","protected":false},"author":20,"featured_media":322767,"comment_status":"open","ping_status":"open","sticky":false,"template":"","format":"standard","meta":[],"categories":[2198,3845,3847],"tags":[5959,3876,5979],"_links":{"self":[{"href":"http:\/\/desarrollo.grupomedios.com\/futbol\/wp-json\/wp\/v2\/posts\/322751"}],"collection":[{"href":"http:\/\/desarrollo.grupomedios.com\/futbol\/wp-json\/wp\/v2\/posts"}],"about":[{"href":"http:\/\/desarrollo.grupomedios.com\/futbol\/wp-json\/wp\/v2\/types\/post"}],"author":[{"embeddable":true,"href":"http:\/\/desarrollo.grupomedios.com\/futbol\/wp-json\/wp\/v2\/users\/20"}],"replies":[{"embeddable":true,"href":"http:\/\/desarrollo.grupomedios.com\/futbol\/wp-json\/wp\/v2\/comments?post=322751"}],"version-history":[{"count":0,"href":"http:\/\/desarrollo.grupomedios.com\/futbol\/wp-json\/wp\/v2\/posts\/322751\/revisions"}],"wp:featuredmedia":[{"embeddable":true,"href":"http:\/\/desarrollo.grupomedios.com\/futbol\/wp-json\/wp\/v2\/media\/322767"}],"wp:attachment":[{"href":"http:\/\/desarrollo.grupomedios.com\/futbol\/wp-json\/wp\/v2\/media?parent=322751"}],"wp:term":[{"taxonomy":"category","embeddable":true,"href":"http:\/\/desarrollo.grupomedios.com\/futbol\/wp-json\/wp\/v2\/categories?post=322751"},{"taxonomy":"post_tag","embeddable":true,"href":"http:\/\/desarrollo.grupomedios.com\/futbol\/wp-json\/wp\/v2\/tags?post=322751"}],"curies":[{"name":"wp","href":"https:\/\/api.w.org\/{rel}","templated":true}]}}