{"id":322782,"date":"2015-10-13T16:37:05","date_gmt":"2015-10-13T21:37:05","guid":{"rendered":"http:\/\/futboltotal.com.mx\/?p=322782"},"modified":"2015-10-13T17:32:27","modified_gmt":"2015-10-13T22:32:27","slug":"holanda-consuma-fracaso-eliminado-de-la-euro-2016","status":"publish","type":"post","link":"http:\/\/desarrollo.grupomedios.com\/futbol\/futbol-internacional\/holanda-consuma-fracaso-eliminado-de-la-euro-2016\/2015\/10","title":{"rendered":"Holanda consuma fracaso: no clasifica a la EURO 2016"},"content":{"rendered":"<p>La <strong>selecci\u00f3n de Holanda<\/strong> dej\u00f3 escapar la \u00faltima oportunidad de alcanzar el Repechaje que mantuviera con vida sus esperanzas de <a href=\"http:\/\/futboltotal.com.mx\/2015\/10\/definidos-los-clasificados-directos-a-la-eurocopa-2016\/\">clasificar a la <strong>Euro 2016<\/strong><\/a> al caer en casa 2-3 con su similar de Rep\u00fablica Checa.<\/p>\n<p>Para sorpresa de los m\u00e1s de 50 mil espectadores en la Arena \u00c1msterdam, el primero en anotar fue el equipo visitante a los 24 minutos, por conducto del defensa Pavel Kader\u00e1bek, lo que oblig\u00f3 a la <em>Naranja mec\u00e1nica<\/em> a buscar la remontada.<\/p>\n<p style=\"text-align: center;\"><strong><span style=\"color: #3366ff;\"><a style=\"color: #3366ff;\" href=\"http:\/\/futboltotal.com.mx\/2015\/10\/autogol-de-van-persie-con-holanda-de-euro-2016\/\">LEER M\u00c1S: Autogol de Van Persie despide a Holanda<\/a><\/span><\/strong><\/p>\n<p>Con la intenci\u00f3n de ir de forma r\u00e1pida por un empate que les permitiera so\u00f1ar con alcanzar el Repechaje a la <strong>Euro 2016<\/strong>, los checos los sorprendieron en un contragolpe que termin\u00f3 con la definici\u00f3n de Josef Sural para el 0-2 al 35\u2019.<\/p>\n<p>Al verse en desventaja, el t\u00e9cnico de <strong>Holanda<\/strong>, Dirk Blind, decidi\u00f3 mandar al terreno de juego al goleador Robin van Persie al minuto 36. Sin embargo, <em>RVP<\/em> fue el responsable del tercer gol de los checos al intentar un pase con la cabeza a su arquero que termin\u00f3 con el bal\u00f3n en su propia meta para un lapidario 0-3.<\/p>\n<p style=\"text-align: center;\"><span style=\"color: #3366ff;\"><strong><a style=\"color: #3366ff;\" href=\"http:\/\/futboltotal.com.mx\/2015\/10\/definidos-los-clasificados-directos-a-la-eurocopa-2016\/\">LEER M\u00c1S: Definidos los clasificados directos a la Euro 2016<\/a><\/strong><\/span><\/p>\n<p><strong>Holanda<\/strong> se neg\u00f3 a darse por vencidos y al 70\u2019 Klaas-Jan Huntelaar acerc\u00f3 a su escuadra 1-3. Posteriormente, Van Persie se redimi\u00f3 de su error al lograr el 2-3 al minuto 83. Instantes despu\u00e9s, el ariete fue derribado dentro del \u00e1rea, pero el \u00e1rbitro se neg\u00f3 a pitar la pena m\u00e1xima.<\/p>\n<p>Al final, el Grupo A qued\u00f3 definido de la siguiente manera:<\/p>\n<p><a href=\"http:\/\/futboltotal.com.mx\/wp-content\/uploads\/2015\/10\/holanda_euro_2016.jpg\"><img decoding=\"async\" loading=\"lazy\" class=\"aligncenter size-full wp-image-322787\" src=\"http:\/\/futboltotal.com.mx\/wp-content\/uploads\/2015\/10\/holanda_euro_2016.jpg\" alt=\"holanda_euro_2016\" srcset=\"http:\/\/desarrollo.grupomedios.com\/futbol\/wp-content\/uploads\/2015\/10\/holanda_euro_2016.jpg 661w, http:\/\/desarrollo.grupomedios.com\/futbol\/wp-content\/uploads\/2015\/10\/holanda_euro_2016-300x96.jpg 300w\" sizes=\"(max-width: 661px) 100vw, 661px\" \/><\/a><\/p>\n","protected":false},"excerpt":{"rendered":"<p>Los Tulipanes cayeron en casa 2-3 ante Rep\u00fablica Checa<\/p>\n","protected":false},"author":20,"featured_media":322789,"comment_status":"open","ping_status":"open","sticky":false,"template":"","format":"standard","meta":[],"categories":[3839,5951],"tags":[4567,5537,2236,6024],"_links":{"self":[{"href":"http:\/\/desarrollo.grupomedios.com\/futbol\/wp-json\/wp\/v2\/posts\/322782"}],"collection":[{"href":"http:\/\/desarrollo.grupomedios.com\/futbol\/wp-json\/wp\/v2\/posts"}],"about":[{"href":"http:\/\/desarrollo.grupomedios.com\/futbol\/wp-json\/wp\/v2\/types\/post"}],"author":[{"embeddable":true,"href":"http:\/\/desarrollo.grupomedios.com\/futbol\/wp-json\/wp\/v2\/users\/20"}],"replies":[{"embeddable":true,"href":"http:\/\/desarrollo.grupomedios.com\/futbol\/wp-json\/wp\/v2\/comments?post=322782"}],"version-history":[{"count":0,"href":"http:\/\/desarrollo.grupomedios.com\/futbol\/wp-json\/wp\/v2\/posts\/322782\/revisions"}],"wp:featuredmedia":[{"embeddable":true,"href":"http:\/\/desarrollo.grupomedios.com\/futbol\/wp-json\/wp\/v2\/media\/322789"}],"wp:attachment":[{"href":"http:\/\/desarrollo.grupomedios.com\/futbol\/wp-json\/wp\/v2\/media?parent=322782"}],"wp:term":[{"taxonomy":"category","embeddable":true,"href":"http:\/\/desarrollo.grupomedios.com\/futbol\/wp-json\/wp\/v2\/categories?post=322782"},{"taxonomy":"post_tag","embeddable":true,"href":"http:\/\/desarrollo.grupomedios.com\/futbol\/wp-json\/wp\/v2\/tags?post=322782"}],"curies":[{"name":"wp","href":"https:\/\/api.w.org\/{rel}","templated":true}]}}