{"id":322908,"date":"2015-10-15T08:00:01","date_gmt":"2015-10-15T13:00:01","guid":{"rendered":"http:\/\/futboltotal.com.mx\/?p=322908"},"modified":"2015-10-15T09:30:05","modified_gmt":"2015-10-15T14:30:05","slug":"jorge-campos-el-lider-azteca","status":"publish","type":"post","link":"http:\/\/desarrollo.grupomedios.com\/futbol\/futbol-mexicano\/jorge-campos-el-lider-azteca\/2015\/10","title":{"rendered":"Jorge Campos, el l\u00edder azteca"},"content":{"rendered":"<p>Hoy en d\u00eda, los j\u00f3venes amantes del futbol tienen como referencia a\u00a0<strong>Jorge Campos<\/strong>\u00a0como un singular analista de futbol, que les puede dibujar\u00a0una sonrisa en el rostro o incluso causar una estridente carcajada. Pero mientras se desenvolv\u00eda en las canchas, el\u00a0<em>Brody<\/em>\u00a0sol\u00eda llevarse los reflectores internacionales,\u00a0gracias al respeto y temor que inspiraba.<\/p>\n<p>Surgido\u00a0de la fuerzas B\u00e1sicas de Pumas, <strong>Jorge Campos<\/strong> se vio obligado a dejar de lado su sue\u00f1o de proteger la meta <em>auriazul<\/em> y emprendi\u00f3 su traves\u00eda como romperredes (1988), posici\u00f3n en la que dej\u00f3 buen sabor de boca a sus entrenadores.<\/p>\n<p style=\"text-align: center;\"><strong><span style=\"color: #3366ff;\"><a style=\"color: #3366ff;\" href=\"http:\/\/futboltotal.com.mx\/2015\/10\/los-exoticos-uniformes-de-jorge-campos\/\">VER M\u00c1S: Los ex\u00f3ticos uniformes de Jorge Campos<\/a><\/span><\/strong><\/p>\n<p>Pero el momento de regresar a la porter\u00eda lleg\u00f3, se enfund\u00f3 los guantes que se convertir\u00edan en sus escudos, con los cuales impidi\u00f3 innumerables ca\u00f1onazos de mercenarios que anhelaban robarle el brillo que adquiri\u00f3 bajo los tres palos.<\/p>\n<p><a href=\"http:\/\/futboltotal.com.mx\/wp-content\/uploads\/2015\/10\/jorge-campos-cumple-49-anos.jpg\"><img decoding=\"async\" loading=\"lazy\" class=\"alignnone size-full wp-image-322913\" src=\"http:\/\/futboltotal.com.mx\/wp-content\/uploads\/2015\/10\/jorge-campos-cumple-49-anos.jpg\" alt=\"jorge-campos-cumple-49-anos\" srcset=\"http:\/\/desarrollo.grupomedios.com\/futbol\/wp-content\/uploads\/2015\/10\/jorge-campos-cumple-49-anos.jpg 820w, http:\/\/desarrollo.grupomedios.com\/futbol\/wp-content\/uploads\/2015\/10\/jorge-campos-cumple-49-anos-300x110.jpg 300w\" sizes=\"(max-width: 820px) 100vw, 820px\" \/><\/a><\/p>\n<p>Como ilusos quedaron los individuos que se confiaron al ver a un peque\u00f1o <strong>Jorge Campos<\/strong> de apenas 1.68 metros de altura, pues cuando era requerido, los esf\u00e9ricos terminaban por chocar contra una verdadera muralla china.<\/p>\n<p>Con un <em>collage<\/em> por piel, el arquero salt\u00f3 a la fama internacional en la pantalla chica,\u00a0a trav\u00e9s de comerciales donde defendi\u00f3 a la humanidad de un ataque demon\u00edaco, junto a sus compa\u00f1eros Figo, Patrick Kluivert, Paolo Maldini, Ronaldo, entre otros.<\/p>\n<p><iframe loading=\"lazy\" src=\"https:\/\/www.youtube.com\/embed\/FYEb6A6YfOg\" frameborder=\"0\" allowfullscreen=\"allowfullscreen\"><\/iframe><\/p>\n<p>Gracias a sus espectaculares atajadas y salidas como las de un defensa, el cancerbero mexicano termin\u00f3 por inspirar a un personaje del anime <em>Supercampeones<\/em>: Ricardo Espadas, capit\u00e1n y l\u00edder de los 5 Aztecas y rival del protagonista\u00a0Oliver Atom.<\/p>\n<p style=\"text-align: center;\"><strong><span style=\"color: #3366ff;\"><a style=\"color: #3366ff;\" href=\"http:\/\/futboltotal.com.mx\/2015\/10\/jorge-campos-el-inolvidable-brody\/\">LEER M\u00c1S: Jorge Campos, el inolvidable Brody<\/a><\/span><\/strong><\/p>\n<p>\u00bfA\u00fan crees que el <em>Inmortal<\/em>, quien cumple 49 a\u00f1os de edad,\u00a0s\u00f3lo es un analista peculiar?<\/p>\n","protected":false},"excerpt":{"rendered":"<p>El Brody inspir\u00f3 a un personaje de los Supercampeones <\/p>\n","protected":false},"author":20,"featured_media":323423,"comment_status":"open","ping_status":"open","sticky":false,"template":"","format":"standard","meta":[],"categories":[2198,5950],"tags":[2053,5771],"_links":{"self":[{"href":"http:\/\/desarrollo.grupomedios.com\/futbol\/wp-json\/wp\/v2\/posts\/322908"}],"collection":[{"href":"http:\/\/desarrollo.grupomedios.com\/futbol\/wp-json\/wp\/v2\/posts"}],"about":[{"href":"http:\/\/desarrollo.grupomedios.com\/futbol\/wp-json\/wp\/v2\/types\/post"}],"author":[{"embeddable":true,"href":"http:\/\/desarrollo.grupomedios.com\/futbol\/wp-json\/wp\/v2\/users\/20"}],"replies":[{"embeddable":true,"href":"http:\/\/desarrollo.grupomedios.com\/futbol\/wp-json\/wp\/v2\/comments?post=322908"}],"version-history":[{"count":0,"href":"http:\/\/desarrollo.grupomedios.com\/futbol\/wp-json\/wp\/v2\/posts\/322908\/revisions"}],"wp:featuredmedia":[{"embeddable":true,"href":"http:\/\/desarrollo.grupomedios.com\/futbol\/wp-json\/wp\/v2\/media\/323423"}],"wp:attachment":[{"href":"http:\/\/desarrollo.grupomedios.com\/futbol\/wp-json\/wp\/v2\/media?parent=322908"}],"wp:term":[{"taxonomy":"category","embeddable":true,"href":"http:\/\/desarrollo.grupomedios.com\/futbol\/wp-json\/wp\/v2\/categories?post=322908"},{"taxonomy":"post_tag","embeddable":true,"href":"http:\/\/desarrollo.grupomedios.com\/futbol\/wp-json\/wp\/v2\/tags?post=322908"}],"curies":[{"name":"wp","href":"https:\/\/api.w.org\/{rel}","templated":true}]}}