{"id":322925,"date":"2015-10-14T08:30:55","date_gmt":"2015-10-14T13:30:55","guid":{"rendered":"http:\/\/futboltotal.com.mx\/?p=322925"},"modified":"2015-10-27T09:38:53","modified_gmt":"2015-10-27T14:38:53","slug":"cinco-cracks-que-brillaron-en-las-eliminatorias-a-la-euro-2016","status":"publish","type":"post","link":"http:\/\/desarrollo.grupomedios.com\/futbol\/futbol-internacional\/cinco-cracks-que-brillaron-en-las-eliminatorias-a-la-euro-2016\/2015\/10","title":{"rendered":"Cinco cracks que brillaron en las eliminatorias a la Euro 2016"},"content":{"rendered":"<p><span style=\"color: #000000;\">El camino a la <strong>Euro 2016<\/strong> <span style=\"color: #800080;\"><a style=\"color: #800080;\" href=\"http:\/\/futboltotal.com.mx\/2015\/10\/definidos-los-clasificados-directos-a-la-eurocopa-2016\/\">est\u00e1 a la espera de cuatro escuadras para completar el pelot\u00f3n de 24 integrantes<\/a><\/span>, aunque con 20 selecciones ya aseguradas en Francia, es necesario un vistazo a los l\u00edderes de algunos combinados que fueron vitales para que sus selecciones lograran la calificaci\u00f3n y que, seguramente, lo ser\u00e1n cuando inicie la justa el pr\u00f3ximo a\u00f1o.<\/span><\/p>\n<p><span style=\"color: #000000;\">En Futbol Total te presentamos a cinco cracks que brillaron en el periplo con rumbo al certamen continental.<\/span><\/p>\n<p><strong><span style=\"color: #ff0000;\">David Alaba | <\/span><\/strong><span style=\"color: #ff0000;\"><span style=\"color: #000000;\">Su juventud no es obst\u00e1culo para ser el comandante del invicto combinado austriaco. Tras 10 partidos se fueron con 28 unidades, producto de una igualada y nueve victorias, en las cuales David Alba festej\u00f3 tras aventar la pelota entre las redes. No importa si fue por la v\u00eda penal o con bal\u00f3n en movimiento. Tampoco si fue como lateral-carrilero o inclusive extremo, siempre se las arregl\u00f3 para mostrar una zurda ilusionante y una t\u00e9cnica hilarante.\u00a0<\/span><\/span><\/p>\n<p><a href=\"http:\/\/futboltotal.com.mx\/wp-content\/uploads\/2015\/10\/David-Alaba-con-Austria-.jpg\"><img decoding=\"async\" loading=\"lazy\" class=\"alignnone size-full wp-image-322992\" src=\"http:\/\/futboltotal.com.mx\/wp-content\/uploads\/2015\/10\/David-Alaba-con-Austria-.jpg\" alt=\"David Alaba con Austria\" srcset=\"http:\/\/desarrollo.grupomedios.com\/futbol\/wp-content\/uploads\/2015\/10\/David-Alaba-con-Austria-.jpg 820w, http:\/\/desarrollo.grupomedios.com\/futbol\/wp-content\/uploads\/2015\/10\/David-Alaba-con-Austria--300x110.jpg 300w\" sizes=\"(max-width: 820px) 100vw, 820px\" \/><\/a><\/p>\n<p><span style=\"color: #ff0000;\"><strong>Arda Turan | <\/strong><span style=\"color: #000000;\">Pese a no jugar con Barcelona por cuestiones referentes a una sanci\u00f3n que acarrea por parte de la FIFA, el guerrero otomano mostr\u00f3 lo importante que es para su naci\u00f3n. Sus cartas de presentaci\u00f3n fueron una furia implacable y una entrega sin igual, sin dejar de lado su estilo de barrio. Turqu\u00eda pas\u00f3 como el mejor tercero de todos por su esp\u00edritu indomable, algo muy apegado al estilo de Arda: un guerrero que se sale del molde, que tiene magia e ilusiona a su pa\u00eds de cara a la <strong>Euro 2016<\/strong> a celebrarse en menos de un a\u00f1o en tierras galas. \u00a0<\/span><\/span><\/p>\n<p><a href=\"http:\/\/futboltotal.com.mx\/wp-content\/uploads\/2015\/10\/Arda-Turan-con-Turqu\u00eda-.jpg\"><img decoding=\"async\" loading=\"lazy\" class=\"alignnone size-full wp-image-322986\" src=\"http:\/\/futboltotal.com.mx\/wp-content\/uploads\/2015\/10\/Arda-Turan-con-Turqu\u00eda-.jpg\" alt=\"Arda Turan con Turqu\u00eda\" srcset=\"http:\/\/desarrollo.grupomedios.com\/futbol\/wp-content\/uploads\/2015\/10\/Arda-Turan-con-Turqu\u00eda-.jpg 820w, http:\/\/desarrollo.grupomedios.com\/futbol\/wp-content\/uploads\/2015\/10\/Arda-Turan-con-Turqu\u00eda--300x110.jpg 300w\" sizes=\"(max-width: 820px) 100vw, 820px\" \/><\/a><\/p>\n<p><strong><span style=\"color: #ff0000;\">Gylfi Sigur\u00f0sson |\u00a0<\/span><\/strong><span style=\"color: #000000;\">El m\u00e1gico mediocampista fue el l\u00edder de un equipo que rompi\u00f3 con los pron\u00f3sticos y estar\u00e1 de manera in\u00e9dita en la Euro. A Holanda la doblegaron en par de ocasiones, la primera sentenci\u00f3 que eran unos chicos de cuidado. En\u00a0Reikiavik se impusieron ante la Naranja Mec\u00e1nica por 2-0 con un futbol que privilegi\u00f3 lo colectivo y con el toque de calidad de\u00a0Sigur\u00f0sson, quien marc\u00f3 doblete como parte del pasaje hist\u00f3rico. <\/span><\/p>\n<p><span style=\"color: #000000;\">&#8220;Un resultado fant\u00e1stico. Sab\u00edamos que \u00edbamos a estar persiguiendo el partido mucho y que Holanda querr\u00eda mantener m\u00e1s posesi\u00f3n que nosotros, pero hemos trabajado duro y nuestro plan funcion\u00f3 perfectamente: defender y hacerles da\u00f1o al contragolpe&#8221;, relataba por aquella ocasi\u00f3n. Para la segunda cita eliminatoria ante Holanda repitieron la f\u00f3rmula y silenciaron al Amsterdam Arena, provocando el j\u00fabilo de una de las naciones m\u00e1s felices del mundo, y m\u00e1s alegr\u00eda por el pasaje a la Euro 2016.\u00a0<\/span><\/p>\n<p><a href=\"http:\/\/futboltotal.com.mx\/wp-content\/uploads\/2015\/10\/SIgurdsson-con-Islandia-.jpg\"><img decoding=\"async\" loading=\"lazy\" class=\"alignnone size-full wp-image-322956\" src=\"http:\/\/futboltotal.com.mx\/wp-content\/uploads\/2015\/10\/SIgurdsson-con-Islandia-.jpg\" alt=\"SIgurdsson con Islandia\" srcset=\"http:\/\/desarrollo.grupomedios.com\/futbol\/wp-content\/uploads\/2015\/10\/SIgurdsson-con-Islandia-.jpg 820w, http:\/\/desarrollo.grupomedios.com\/futbol\/wp-content\/uploads\/2015\/10\/SIgurdsson-con-Islandia--300x110.jpg 300w\" sizes=\"(max-width: 820px) 100vw, 820px\" \/><\/a><\/p>\n<p><span style=\"color: #ff0000;\"><strong>Gareth Bale |\u00a0<\/strong><\/span><\/p>\n<p>La haza\u00f1a de Gales para clasificar a la Eurocopa no podr\u00eda comprenderse sin el nombre de Gareth Bale, imprescindible para el \u00a0mediocampo y el rey del gol del equipo. En 10 partidos marc\u00f3 siete goles, cuatro de ellos con dobletes e incluso luci\u00f3 para quitarle el invicto a B\u00e9lgica (\u00fanica derrota de los diablos). Bale se convirti\u00f3 en el m\u00e1ximo goleador de Gales en una eliminatoria de Eurocopa al totalizar 12 goles superando los siete del m\u00edtico Ian Rush. Adem\u00e1s qued\u00f3 a solo 3 partidos de igualar a Gary Speed, el hombre con m\u00e1s apariciones con la selecci\u00f3n de Gales.<\/p>\n<p><a href=\"http:\/\/futboltotal.com.mx\/wp-content\/uploads\/2015\/10\/Gareth-Bale-con-Gales-.jpg\"><img decoding=\"async\" loading=\"lazy\" class=\"alignnone size-full wp-image-322957\" src=\"http:\/\/futboltotal.com.mx\/wp-content\/uploads\/2015\/10\/Gareth-Bale-con-Gales-.jpg\" alt=\"Gareth Bale con Gales\" srcset=\"http:\/\/desarrollo.grupomedios.com\/futbol\/wp-content\/uploads\/2015\/10\/Gareth-Bale-con-Gales-.jpg 820w, http:\/\/desarrollo.grupomedios.com\/futbol\/wp-content\/uploads\/2015\/10\/Gareth-Bale-con-Gales--300x110.jpg 300w\" sizes=\"(max-width: 820px) 100vw, 820px\" \/><\/a><\/p>\n<p><strong><span style=\"color: #ff0000;\">Robert Lewandowski |\u00a0<\/span><\/strong><span style=\"color: #000000;\">Los 33 goles de Polonia fueron\u00a0el mejor registro goleador en la fase de clasificaci\u00f3n para la Euro 2016 y hay varios motivos m\u00e1s por los que Polonia se ha clasificado para su tercera fase final de manera consecutiva, uno de ellos: Robert Lewandowski.\u00a0<\/span><\/p>\n<p><span style=\"color: #000000;\">El killer del Bayern Munich firm\u00f3 diez jornadas de ensue\u00f1o en las que consigui\u00f3 el r\u00e9cord de m\u00e1s goles en una fase eliminatoria \u00a0con 13 (igualando a\u00a0David Healy, de Irlanda, que en su momento no sirvi\u00f3 para acceder a la Euro). Entre una de sus noches memorables, Leka sentenci\u00f3 una goleada tremenda ante Gibraltar con un p\u00f3ker.<\/span><\/p>\n<p><a href=\"http:\/\/futboltotal.com.mx\/wp-content\/uploads\/2015\/10\/Robert-Lewandowski-con-Polonia-.jpg\"><img decoding=\"async\" loading=\"lazy\" class=\"alignnone size-full wp-image-322959\" src=\"http:\/\/futboltotal.com.mx\/wp-content\/uploads\/2015\/10\/Robert-Lewandowski-con-Polonia-.jpg\" alt=\"Robert Lewandowski con Polonia\" srcset=\"http:\/\/desarrollo.grupomedios.com\/futbol\/wp-content\/uploads\/2015\/10\/Robert-Lewandowski-con-Polonia-.jpg 820w, http:\/\/desarrollo.grupomedios.com\/futbol\/wp-content\/uploads\/2015\/10\/Robert-Lewandowski-con-Polonia--300x110.jpg 300w\" sizes=\"(max-width: 820px) 100vw, 820px\" \/><\/a><\/p>\n","protected":false},"excerpt":{"rendered":"<p>Tuvieron el mejor rendimiento y algunos consiguieron r\u00e9cords y haza\u00f1as \u00fanicas<\/p>\n","protected":false},"author":20,"featured_media":323073,"comment_status":"open","ping_status":"open","sticky":false,"template":"","format":"standard","meta":[],"categories":[3839,6381,5951],"tags":[6055,6151,5537,6152,6043,6038],"_links":{"self":[{"href":"http:\/\/desarrollo.grupomedios.com\/futbol\/wp-json\/wp\/v2\/posts\/322925"}],"collection":[{"href":"http:\/\/desarrollo.grupomedios.com\/futbol\/wp-json\/wp\/v2\/posts"}],"about":[{"href":"http:\/\/desarrollo.grupomedios.com\/futbol\/wp-json\/wp\/v2\/types\/post"}],"author":[{"embeddable":true,"href":"http:\/\/desarrollo.grupomedios.com\/futbol\/wp-json\/wp\/v2\/users\/20"}],"replies":[{"embeddable":true,"href":"http:\/\/desarrollo.grupomedios.com\/futbol\/wp-json\/wp\/v2\/comments?post=322925"}],"version-history":[{"count":0,"href":"http:\/\/desarrollo.grupomedios.com\/futbol\/wp-json\/wp\/v2\/posts\/322925\/revisions"}],"wp:featuredmedia":[{"embeddable":true,"href":"http:\/\/desarrollo.grupomedios.com\/futbol\/wp-json\/wp\/v2\/media\/323073"}],"wp:attachment":[{"href":"http:\/\/desarrollo.grupomedios.com\/futbol\/wp-json\/wp\/v2\/media?parent=322925"}],"wp:term":[{"taxonomy":"category","embeddable":true,"href":"http:\/\/desarrollo.grupomedios.com\/futbol\/wp-json\/wp\/v2\/categories?post=322925"},{"taxonomy":"post_tag","embeddable":true,"href":"http:\/\/desarrollo.grupomedios.com\/futbol\/wp-json\/wp\/v2\/tags?post=322925"}],"curies":[{"name":"wp","href":"https:\/\/api.w.org\/{rel}","templated":true}]}}