{"id":323058,"date":"2015-10-13T22:24:39","date_gmt":"2015-10-14T03:24:39","guid":{"rendered":"http:\/\/futboltotal.com.mx\/?p=323058"},"modified":"2015-10-13T22:27:18","modified_gmt":"2015-10-14T03:27:18","slug":"cubo-torres-casi-se-lesiona-en-festejo-de-gol","status":"publish","type":"post","link":"http:\/\/desarrollo.grupomedios.com\/futbol\/videos\/cubo-torres-casi-se-lesiona-en-festejo-de-gol\/2015\/10","title":{"rendered":"Cubo Torres casi se lesiona en festejo de gol"},"content":{"rendered":"<p>La <a href=\"http:\/\/futboltotal.com.mx\/2015\/10\/en-vivo-mexico-vs-honduras-preolimpico\/\">Selecci\u00f3n Mexicana se fue al frente del marcador<\/a> ante Honduras al minuto 41 y a pesar de que no realiz\u00f3 el gol, Erick Cubo Torres decidi\u00f3 festejar por la importancia del tanto. <\/p>\n<p>Con la ventaja, el Tri se posicion\u00f3 mejor de cara a la segunda parte con el 1-0 parcial, pero el que no vivi\u00f3 su mejor festejo fue el Cubo Torres, que efusivamente corri\u00f3 a festejar con la afici\u00f3n en lugar de realizar su tradicional celebraci\u00f3n. Ahora no hizo el paso del robot, ahora fue el pasito del tropez\u00f3n y qued\u00f3 cerca de lesionarse. <\/p>\n<p><iframe loading=\"lazy\" src=\"https:\/\/vine.co\/v\/eE17zz2w7Ia\/embed\/simple\" frameborder=\"0\"><\/iframe><script src=\"https:\/\/platform.vine.co\/static\/scripts\/embed.js\"><\/script><\/p>\n<p>Con una sonrisita de nervios, Torres dej\u00f3 atr\u00e1s el bochorno y se levant\u00f3 gracias a la manita de una aficionada mexicana. <\/p>\n","protected":false},"excerpt":{"rendered":"<p>No es el paso del robot, ahora fue el pasito del tropez\u00f3n <\/p>\n","protected":false},"author":20,"featured_media":323048,"comment_status":"open","ping_status":"open","sticky":false,"template":"","format":"standard","meta":[],"categories":[3847,4],"tags":[4274,5979],"_links":{"self":[{"href":"http:\/\/desarrollo.grupomedios.com\/futbol\/wp-json\/wp\/v2\/posts\/323058"}],"collection":[{"href":"http:\/\/desarrollo.grupomedios.com\/futbol\/wp-json\/wp\/v2\/posts"}],"about":[{"href":"http:\/\/desarrollo.grupomedios.com\/futbol\/wp-json\/wp\/v2\/types\/post"}],"author":[{"embeddable":true,"href":"http:\/\/desarrollo.grupomedios.com\/futbol\/wp-json\/wp\/v2\/users\/20"}],"replies":[{"embeddable":true,"href":"http:\/\/desarrollo.grupomedios.com\/futbol\/wp-json\/wp\/v2\/comments?post=323058"}],"version-history":[{"count":0,"href":"http:\/\/desarrollo.grupomedios.com\/futbol\/wp-json\/wp\/v2\/posts\/323058\/revisions"}],"wp:featuredmedia":[{"embeddable":true,"href":"http:\/\/desarrollo.grupomedios.com\/futbol\/wp-json\/wp\/v2\/media\/323048"}],"wp:attachment":[{"href":"http:\/\/desarrollo.grupomedios.com\/futbol\/wp-json\/wp\/v2\/media?parent=323058"}],"wp:term":[{"taxonomy":"category","embeddable":true,"href":"http:\/\/desarrollo.grupomedios.com\/futbol\/wp-json\/wp\/v2\/categories?post=323058"},{"taxonomy":"post_tag","embeddable":true,"href":"http:\/\/desarrollo.grupomedios.com\/futbol\/wp-json\/wp\/v2\/tags?post=323058"}],"curies":[{"name":"wp","href":"https:\/\/api.w.org\/{rel}","templated":true}]}}