{"id":323165,"date":"2015-10-14T09:45:55","date_gmt":"2015-10-14T14:45:55","guid":{"rendered":"http:\/\/futboltotal.com.mx\/?p=323165"},"modified":"2015-10-14T13:56:00","modified_gmt":"2015-10-14T18:56:00","slug":"aguero-baja-un-mes-con-el-manchester-city","status":"publish","type":"post","link":"http:\/\/desarrollo.grupomedios.com\/futbol\/futbol-internacional\/aguero-baja-un-mes-con-el-manchester-city\/2015\/10","title":{"rendered":"Ag\u00fcero, baja un mes con el Manchester City"},"content":{"rendered":"<p>El <strong>Manchester City<\/strong> tendr\u00e1 que arregl\u00e1rselas sin delantero argentino <strong>Sergio Kun Ag\u00fcero<\/strong>, quien estar\u00e1 fuera de actividad un mes a consecuencia de una lesi\u00f3n en la pierna izquierda. Los<em> Citizens<\/em> podr\u00edan contar con \u00e9l hasta el 21 de noviembre, siempre y cuando la evoluci\u00f3n del ariete sea satisfcatoria.<\/p>\n<p><strong>Kun Ag\u00fcero<\/strong> se perder\u00e1 al menos siete partidos (seis de Liga y uno de Champions League) y los m\u00e1s importantes ser\u00e1n el primer cl\u00e1sico de la temporada ante el Manchester United, a disputarse el pr\u00f3ximo 25 de octubre, as\u00ed como la tercera jornada de Fase de Grupos frente al Sevilla, que se jugar\u00e1 el 21 del mismo mes.<\/p>\n<p>Durante el inicio de las eliminatorias Conmebol, <strong>Ag\u00fcero<\/strong> se lesion\u00f3 durante el partido ante Ecuador y despu\u00e9s regres\u00f3 a Inglaterra para ser valorado. Tras las pruebas m\u00e9dicas se determin\u00f3 que sufre un desgarre en el b\u00edceps femoral de la pierna izquierda. De acuerdo con el reporte de la prensa inglesa, el argetino podr\u00eda estar disponible para el partido ante el Liverpool, del 21 de noviembre.<\/p>\n","protected":false},"excerpt":{"rendered":"<p>El delantero de los Citizens sufre una lesi\u00f3n en el b\u00edceps femoral<\/p>\n","protected":false},"author":20,"featured_media":323166,"comment_status":"open","ping_status":"open","sticky":false,"template":"","format":"standard","meta":[],"categories":[3839,5951],"tags":[5993,947],"_links":{"self":[{"href":"http:\/\/desarrollo.grupomedios.com\/futbol\/wp-json\/wp\/v2\/posts\/323165"}],"collection":[{"href":"http:\/\/desarrollo.grupomedios.com\/futbol\/wp-json\/wp\/v2\/posts"}],"about":[{"href":"http:\/\/desarrollo.grupomedios.com\/futbol\/wp-json\/wp\/v2\/types\/post"}],"author":[{"embeddable":true,"href":"http:\/\/desarrollo.grupomedios.com\/futbol\/wp-json\/wp\/v2\/users\/20"}],"replies":[{"embeddable":true,"href":"http:\/\/desarrollo.grupomedios.com\/futbol\/wp-json\/wp\/v2\/comments?post=323165"}],"version-history":[{"count":0,"href":"http:\/\/desarrollo.grupomedios.com\/futbol\/wp-json\/wp\/v2\/posts\/323165\/revisions"}],"wp:featuredmedia":[{"embeddable":true,"href":"http:\/\/desarrollo.grupomedios.com\/futbol\/wp-json\/wp\/v2\/media\/323166"}],"wp:attachment":[{"href":"http:\/\/desarrollo.grupomedios.com\/futbol\/wp-json\/wp\/v2\/media?parent=323165"}],"wp:term":[{"taxonomy":"category","embeddable":true,"href":"http:\/\/desarrollo.grupomedios.com\/futbol\/wp-json\/wp\/v2\/categories?post=323165"},{"taxonomy":"post_tag","embeddable":true,"href":"http:\/\/desarrollo.grupomedios.com\/futbol\/wp-json\/wp\/v2\/tags?post=323165"}],"curies":[{"name":"wp","href":"https:\/\/api.w.org\/{rel}","templated":true}]}}