{"id":323183,"date":"2015-10-14T11:08:50","date_gmt":"2015-10-14T16:08:50","guid":{"rendered":"http:\/\/futboltotal.com.mx\/?p=323183"},"modified":"2015-10-14T11:20:37","modified_gmt":"2015-10-14T16:20:37","slug":"angelica-fuentes-tomara-las-riendas-de-chivas","status":"publish","type":"post","link":"http:\/\/desarrollo.grupomedios.com\/futbol\/destacado-home\/angelica-fuentes-tomara-las-riendas-de-chivas\/2015\/10","title":{"rendered":"Ang\u00e9lica Fuentes tomar\u00e1 las riendas de Chivas"},"content":{"rendered":"<p><strong>Angelica Fuentes<\/strong> volver\u00e1 a su cargo como directora general y administradora de <strong>Chivas<\/strong>. La decisi\u00f3n es de car\u00e1cter &#8220;inapelable&#8221; y fue emitida por el Cuarto Tribunal Colegiado de Jalisco, que concedi\u00f3 una &#8220;suspensi\u00f3n definitiva&#8221; que otorga a la empresaria un poder plenipotenciario para tomar el control del conjunto tapat\u00edo, siempre y cuando realice el pago de un mill\u00f3n de pesos.<\/p>\n<p>El decisi\u00f3n del Tribunal se dio a conocer hace unas horas y fue tomada despu\u00e9s de que Jorge Vergara, propietario de Chivas, no asistiera al juzgado para realizar un proceso de invalidaci\u00f3n de asambleas anteriores; la m\u00e1s importante llevada a cabo el 6 de febrero, en la que \u00c1ngelica Fuentes fue designada como administradora del <em>Reba\u00f1o. <\/em><\/p>\n<p style=\"text-align: center;\"><span style=\"color: #3366ff;\"><strong><a style=\"color: #3366ff;\" href=\"http:\/\/futboltotal.com.mx\/2015\/10\/vergara-demanda-a-angelica-fuentes-por-desviar-72-mdd\/\">LEER M\u00c1S: Vergar\u00e1 demanda a Ang\u00e9lica Fuentes por desviar 72 MDD<\/a><\/strong><\/span><\/p>\n<p>Seg\u00fan la informaci\u00f3n publicada en el noticiero de Ciro G\u00f3mez Leyva, Angelica Fuentes puede retomar sus funciones administrativas al frente del <em>Reba\u00f1o<\/em>, incluso radicando en el extranjero, donde se encuentra actualmente. Esta &#8220;suspensi\u00f3n definitiva&#8221; no da capacidad a Fuentes para dar marcha atr\u00e1s a las decisiones tomadas en el club durante los \u00faltimos cuatro meses, inclu\u00eddo el nombramiento del entrenador argentino Mat\u00edas Almeyda.<\/p>\n<p>&nbsp;<\/p>\n<div class=\"mod-inline image image-right\"><\/div>\n","protected":false},"excerpt":{"rendered":"<p>La esposa de Jorge Vergara retomar\u00e1 funciones administrativas con el Reba\u00f1o<\/p>\n","protected":false},"author":20,"featured_media":323186,"comment_status":"open","ping_status":"open","sticky":false,"template":"","format":"standard","meta":[],"categories":[5,3845],"tags":[2314,70],"_links":{"self":[{"href":"http:\/\/desarrollo.grupomedios.com\/futbol\/wp-json\/wp\/v2\/posts\/323183"}],"collection":[{"href":"http:\/\/desarrollo.grupomedios.com\/futbol\/wp-json\/wp\/v2\/posts"}],"about":[{"href":"http:\/\/desarrollo.grupomedios.com\/futbol\/wp-json\/wp\/v2\/types\/post"}],"author":[{"embeddable":true,"href":"http:\/\/desarrollo.grupomedios.com\/futbol\/wp-json\/wp\/v2\/users\/20"}],"replies":[{"embeddable":true,"href":"http:\/\/desarrollo.grupomedios.com\/futbol\/wp-json\/wp\/v2\/comments?post=323183"}],"version-history":[{"count":0,"href":"http:\/\/desarrollo.grupomedios.com\/futbol\/wp-json\/wp\/v2\/posts\/323183\/revisions"}],"wp:featuredmedia":[{"embeddable":true,"href":"http:\/\/desarrollo.grupomedios.com\/futbol\/wp-json\/wp\/v2\/media\/323186"}],"wp:attachment":[{"href":"http:\/\/desarrollo.grupomedios.com\/futbol\/wp-json\/wp\/v2\/media?parent=323183"}],"wp:term":[{"taxonomy":"category","embeddable":true,"href":"http:\/\/desarrollo.grupomedios.com\/futbol\/wp-json\/wp\/v2\/categories?post=323183"},{"taxonomy":"post_tag","embeddable":true,"href":"http:\/\/desarrollo.grupomedios.com\/futbol\/wp-json\/wp\/v2\/tags?post=323183"}],"curies":[{"name":"wp","href":"https:\/\/api.w.org\/{rel}","templated":true}]}}