{"id":323184,"date":"2015-10-14T11:17:04","date_gmt":"2015-10-14T16:17:04","guid":{"rendered":"http:\/\/futboltotal.com.mx\/?p=323184"},"modified":"2015-10-15T13:19:35","modified_gmt":"2015-10-15T18:19:35","slug":"raul-gonzalez-con-fecha-para-el-retiro","status":"publish","type":"post","link":"http:\/\/desarrollo.grupomedios.com\/futbol\/futbol-internacional\/raul-gonzalez-con-fecha-para-el-retiro\/2015\/10","title":{"rendered":"Ra\u00fal Gonz\u00e1lez, con fecha para el retiro"},"content":{"rendered":"<p><strong>Ra\u00fal Gonz\u00e1lez<\/strong> ya ve cerca el <strong>retiro<\/strong>, as\u00ed lo ha dejado ver el jugador espa\u00f1ol, que con 38 a\u00f1os y una carrera exitosa, ya habr\u00eda decidido colgar los botines al final de temporada con el <strong>New York Cosmos<\/strong>.<\/p>\n<p>El delantero del conjunto neoyorquino habr\u00eda manifestado las intenciones de decir adi\u00f3s a las canchas debido a que, a su edad ya le es dif\u00edcil poder entrenarse, adem\u00e1s de que le gustar\u00eda adentrarse a la tarea de la formaci\u00f3n de jugadores en la escuela del Cosmos, proyecto iniciado en este 2015, y en el que el espa\u00f1ol se hab\u00eda comprometido, a su llegada a Estados Unidos.<\/p>\n<p style=\"text-align: center;\"><strong><span style=\"color: #3366ff;\"><a style=\"color: #3366ff;\" href=\"http:\/\/futboltotal.com.mx\/2014\/12\/new-york-cosmos-presento-a-raul\/\">LEER M\u00c1S:\u00a0Revive la llegada de Ra\u00fal Gonz\u00e1lez al New York Cosmos<\/a><\/span><\/strong><\/p>\n<p>De igual forma, el ex delantero de la selecci\u00f3n espa\u00f1ola, por cuestiones familiares, ha tenido que viajar constantemente hacia Madrid, situaci\u00f3n que parece no cambiara en un tiempo, y por lo que tambi\u00e9n ya no podr\u00eda atender como se debe el calendario futbol\u00edstico del Cosmos.<\/p>\n<p>Por su parte, el New York no tendr\u00eda problemas con la rescisi\u00f3n de contrato de su n\u00famero \u201c7\u201d, ya que fue contratado por solo dos temporadas, y con el compromiso de hacerse cargo de sus escuelas juveniles, acto\u00a0que Gonz\u00e1lez Blanco no tendr\u00eda reparo en cumplir, con la mira puesta en una posible llegada al Real Madrid.<\/p>\n<p><strong>Ra\u00fal Gonz\u00e1lez<\/strong> se form\u00f3 en las juveniles del Atl\u00e9tico de Madrid, pero debut\u00f3 con el rival de la ciudad, el Real Madrid, club con el que alcanz\u00f3 la etiqueta de figura e \u00eddolo, y con quienes consigui\u00f3 sus m\u00e1ximos logros en su carrera. Despu\u00e9s pas\u00f3 a formar parte de los clubes Schalke 04 de Alemania, Al-Saad de Qatar y <strong>New York Cosmos<\/strong> de Estados Unidos; consiguiendo goles y t\u00edtulos en todos ellos.<\/p>\n<h2 style=\"text-align: center;\">Video: La despedida de Ra\u00fal Gonz\u00e1lez en el Real Madrid<\/h2>\n<p><iframe loading=\"lazy\" src=\"https:\/\/www.youtube.com\/embed\/OkLGGMf2Jok?feature=oembed\" frameborder=\"0\" allowfullscreen><\/iframe><\/p>\n","protected":false},"excerpt":{"rendered":"<p>El delantero ha manifestado que se va en noviembre<\/p>\n","protected":false},"author":20,"featured_media":323224,"comment_status":"open","ping_status":"open","sticky":false,"template":"","format":"standard","meta":[],"categories":[3839],"tags":[6286,2492,2692],"_links":{"self":[{"href":"http:\/\/desarrollo.grupomedios.com\/futbol\/wp-json\/wp\/v2\/posts\/323184"}],"collection":[{"href":"http:\/\/desarrollo.grupomedios.com\/futbol\/wp-json\/wp\/v2\/posts"}],"about":[{"href":"http:\/\/desarrollo.grupomedios.com\/futbol\/wp-json\/wp\/v2\/types\/post"}],"author":[{"embeddable":true,"href":"http:\/\/desarrollo.grupomedios.com\/futbol\/wp-json\/wp\/v2\/users\/20"}],"replies":[{"embeddable":true,"href":"http:\/\/desarrollo.grupomedios.com\/futbol\/wp-json\/wp\/v2\/comments?post=323184"}],"version-history":[{"count":0,"href":"http:\/\/desarrollo.grupomedios.com\/futbol\/wp-json\/wp\/v2\/posts\/323184\/revisions"}],"wp:featuredmedia":[{"embeddable":true,"href":"http:\/\/desarrollo.grupomedios.com\/futbol\/wp-json\/wp\/v2\/media\/323224"}],"wp:attachment":[{"href":"http:\/\/desarrollo.grupomedios.com\/futbol\/wp-json\/wp\/v2\/media?parent=323184"}],"wp:term":[{"taxonomy":"category","embeddable":true,"href":"http:\/\/desarrollo.grupomedios.com\/futbol\/wp-json\/wp\/v2\/categories?post=323184"},{"taxonomy":"post_tag","embeddable":true,"href":"http:\/\/desarrollo.grupomedios.com\/futbol\/wp-json\/wp\/v2\/tags?post=323184"}],"curies":[{"name":"wp","href":"https:\/\/api.w.org\/{rel}","templated":true}]}}